{"id":9998,"date":"2017-03-28T00:00:16","date_gmt":"2017-03-27T23:00:16","guid":{"rendered":"https:\/\/comunicatur.info\/?p=9998"},"modified":"2017-03-24T20:09:51","modified_gmt":"2017-03-24T19:09:51","slug":"vall-den-bas-les-preses-ya-son-destino-de-naturaleza-y-montana-en-familia","status":"publish","type":"post","link":"https:\/\/www.comunicatur.info\/es\/vall-den-bas-les-preses-ya-son-destino-de-naturaleza-y-montana-en-familia\/","title":{"rendered":"Vall d&#8217;en Bas-Les Preses ya son Destino de Naturaleza y Monta\u00f1a en Familia"},"content":{"rendered":"<p>Los municipios de la comarca gerundense de la Garrotxa, Vall d\u2019en Bas y Les Preses han recibido los diplomas que los acreditan como Destino tur\u00edstico familiar vinculados a la Naturaleza y la Monta\u00f1a.<\/p>\n<p><img src=\"https:\/\/www.comunicatur.info\/wp-content\/uploads\/2017\/03\/valldenbas-300x132.jpg\" alt=\"\" width=\"300\" height=\"132\" class=\"alignright size-medium wp-image-9996\" srcset=\"https:\/\/www.comunicatur.info\/wp-content\/uploads\/2017\/03\/valldenbas-300x132.jpg 300w, https:\/\/www.comunicatur.info\/wp-content\/uploads\/2017\/03\/valldenbas.jpg 314w\" sizes=\"(max-width: 300px) 100vw, 300px\" \/><!--more-->Junto a los municipios, 26 establecimientos de las dos poblaciones est\u00e1n adheridos a este sello: 12 alojamientos tur\u00edsticos, 8 restaurantes, 5 empresas de actividades culturales, de ocio, y una oficina de turismo. Seg\u00fan explica la Agencia Catalana de Turismo (ACT), \u00abeste alto n\u00famero de adhesiones demuestra el alto grado de implicaci\u00f3n del sector tur\u00edstico de la zona, p\u00fablico y privado, en este proyecto\u00bb.<\/p>\n<p>Se trata de un sello que \u201creconoce la calidad y la excelencia en la prestaci\u00f3n de servicios, ayuda al fomento del turismo familiar, y tiene como objetivo que los turistas puedan reconocer espacios, lugares y territorios donde se apuesta por esta calidad\u00bb, ha declarado el consejero de Turismo de la Generalitat de Catalu\u00f1a, Jordi Baiget, durante el acto de certificaci\u00f3n.<\/p>\n<p>Vall d\u2019en Bas y Les Preses han conseguido este sello gracias a un entorno natural privilegiado. El 50% del municipio de Vall d\u2019en Bas es un Espacio Natural Protegido con un alto inter\u00e9s ecosist\u00e9mico. Por su parte, el municipio de Les Preses forma parte del Parque Natural de la Zona Volc\u00e1nica de la Garrotxa, que ofrece unos parajes volc\u00e1nicos \u00fanicos en el mundo. En este entorno las familias disponen de m\u00faltiples actividades como el senderismo, paseos en burro, y rutas en bicicleta el\u00e9ctrica o Seegway.<\/p>\n<p>Catalu\u00f1a cuenta actualmente con 23 destinos certificados como Turismo Familiar (19 con el sello de Playa en Familia y 4 con el de Naturaleza y Monta\u00f1a en Familia). La ACT ha avanzado que hay 5 m\u00e1s en proceso de certificaci\u00f3n.<\/p>\n","protected":false},"excerpt":{"rendered":"<p>Los municipios de la comarca gerundense de la Garrotxa, Vall d\u2019en Bas y Les Preses han recibido los diplomas que los acreditan como Destino tur\u00edstico familiar vinculados a la Naturaleza y la Monta\u00f1a. Junto a los municipios, 26 establecimientos de las dos poblaciones est\u00e1n adheridos a este sello: 12 alojamientos tur\u00edsticos, 8 restaurantes, 5 empresas &hellip;<\/p>\n","protected":false},"author":1,"featured_media":0,"comment_status":"closed","ping_status":"open","sticky":false,"template":"","format":"standard","meta":[],"categories":[62],"tags":[],"_links":{"self":[{"href":"https:\/\/www.comunicatur.info\/es\/wp-json\/wp\/v2\/posts\/9998"}],"collection":[{"href":"https:\/\/www.comunicatur.info\/es\/wp-json\/wp\/v2\/posts"}],"about":[{"href":"https:\/\/www.comunicatur.info\/es\/wp-json\/wp\/v2\/types\/post"}],"author":[{"embeddable":true,"href":"https:\/\/www.comunicatur.info\/es\/wp-json\/wp\/v2\/users\/1"}],"replies":[{"embeddable":true,"href":"https:\/\/www.comunicatur.info\/es\/wp-json\/wp\/v2\/comments?post=9998"}],"version-history":[{"count":1,"href":"https:\/\/www.comunicatur.info\/es\/wp-json\/wp\/v2\/posts\/9998\/revisions"}],"predecessor-version":[{"id":9999,"href":"https:\/\/www.comunicatur.info\/es\/wp-json\/wp\/v2\/posts\/9998\/revisions\/9999"}],"wp:attachment":[{"href":"https:\/\/www.comunicatur.info\/es\/wp-json\/wp\/v2\/media?parent=9998"}],"wp:term":[{"taxonomy":"category","embeddable":true,"href":"https:\/\/www.comunicatur.info\/es\/wp-json\/wp\/v2\/categories?post=9998"},{"taxonomy":"post_tag","embeddable":true,"href":"https:\/\/www.comunicatur.info\/es\/wp-json\/wp\/v2\/tags?post=9998"}],"curies":[{"name":"wp","href":"https:\/\/api.w.org\/{rel}","templated":true}]}}