{"id":9992,"date":"2017-03-31T00:00:21","date_gmt":"2017-03-30T23:00:21","guid":{"rendered":"https:\/\/comunicatur.info\/?p=9992"},"modified":"2017-03-23T12:23:10","modified_gmt":"2017-03-23T11:23:10","slug":"empuriabrava-celebra-50-anos-con-mas-de-un-centenar-de-actos-y-buscando-una-reconversion","status":"publish","type":"post","link":"https:\/\/www.comunicatur.info\/es\/empuriabrava-celebra-50-anos-con-mas-de-un-centenar-de-actos-y-buscando-una-reconversion\/","title":{"rendered":"Empuriabrava celebra 50 a\u00f1os con m\u00e1s de un centenar de actos y buscando una reconversi\u00f3n"},"content":{"rendered":"<p>Uno de los destinos m\u00e1s maduros y reconocidos de la Costa Brava y de Catalu\u00f1a es Empuriabrava, la marina residencial m\u00e1s grande de Europa. Este a\u00f1o celebra su cincuenta aniversario, ya que se inaugur\u00f3 un 26 de junio de 1967, inspir\u00e1ndose en modelos existentes en Florida y la Costa Azul francesa. <\/p>\n<p><!--more-->El aniversario se conmemorar\u00e1 con una doble vertiente: por un lado con una celebraci\u00f3n que incluye m\u00e1s de cien actos entre ferias y jornadas gastron\u00f3micas, eventos deportivos, conciertos y espect\u00e1culos diversos, adem\u00e1s de los actos institucionales. Pero por otro lado, el destino quiere coger el toro por los cuernos y reposicionarse a base de reconvertirse como destino sostenible de referencia dentro de la marca Costa Brava.<\/p>\n<p><img src=\"https:\/\/www.comunicatur.info\/wp-content\/uploads\/2017\/03\/Empuriabrava_Girona-300x211.jpg\" alt=\"\" width=\"300\" height=\"211\" class=\"alignright size-medium wp-image-9989\" \/>La presentaci\u00f3n de este aniversario cont\u00f3 con la presencia de los vicepresidentes del Patronato de Turismo Costa Brava Girona, Marta Felip y Jaume Dulsat; el alcalde de Castell\u00f3 d\u2019Emp\u00faries-Empuriabrava, Salvi G\u00fcell y la concejal de Playas, Canales y 50 aniversario de Empuriabrava, Roser Vitalla.<\/p>\n<p><strong>M\u00e1s de un centenar de actividades<\/strong><br \/>\nLa programaci\u00f3n de los actos se ha ordenado de acuerdo a las cuatro estaciones del a\u00f1o que coinciden con momentos importantes de la historia de Empuriabrava. As\u00ed, el invierno ser\u00e1 la visi\u00f3n y planificaci\u00f3n de la marina. La primavera su nacimiento y los primeros a\u00f1os en las d\u00e9cadas de los 60 y 70. El verano coincidir\u00e1 con el boom tur\u00edstico que vivi\u00f3 nuestro pa\u00eds y las noches de Empuriabrava en los a\u00f1os 80 y 90.<\/p>\n<p>Finalmente el oto\u00f1o se ligar\u00e1 con la desestacionalizaci\u00f3n y la apuesta por el turismo deportivo y natural que alcanza desde el a\u00f1o 2000 hasta la actualidad.<\/p>\n<p>Entre todas las actividades destacan las siguientes:<br \/>\n&#8211;          La exposici\u00f3n \u201c50 a\u00f1os de Empuriabrava\u201d<br \/>\n&#8211;          \u201cEmpuriabrava, noche de estrellas\u201d con los restaurantes de estrella Michelin de la Bah\u00eda de Roses<br \/>\n&#8211;          Las jornadas gastron\u00f3micas \u201cBravaTast\u201d<br \/>\n&#8211;          Los actos populares e institucionales de los 50 a\u00f1os, el d\u00eda 26 de junio<br \/>\n&#8211;          El mapping de los 50 a\u00f1os de Empuriabrava en el Club N\u00e1utico<br \/>\n&#8211;          El pasacalles con Comediants y las entidades del municipio<br \/>\n&#8211;          El piromusical de los 50 a\u00f1os<br \/>\n&#8211;          La fiesta \u201cremember the Empuriabrava nights\u201d<br \/>\n&#8211;          El concierto popular de los 50 a\u00f1os en la playa con The Original Blues Brothers<br \/>\n&#8211;          El Primer Festival Nautic Jazz<br \/>\n&#8211;          El campeonato de Catalu\u00f1a de v\u00f3ley playa<br \/>\n&#8211;          La jornada profesional sobre el futuro de las marinas residenciales y los  destinos tur\u00edsticos<\/p>\n<p>El puerto de Empuriabrava est\u00e1 considerado uno de los m\u00e1s seguros del mundo. La marina cuenta con m\u00e1s de 5.000 amarres, 23 canales de kil\u00f3metros navegables y un parque inmobiliario de 14.000 casa, pisos y apartamentos. En verano su poblaci\u00f3n llega a las 75.000 personas.  <\/p>\n<p><a href=\"http:\/\/www.empuriabrava50.cat\" target=\"_blank\" rel=\"noopener\">Ver el web del 50 aniversario y conocer todos los actos<\/a><\/p>\n","protected":false},"excerpt":{"rendered":"<p>Uno de los destinos m\u00e1s maduros y reconocidos de la Costa Brava y de Catalu\u00f1a es Empuriabrava, la marina residencial m\u00e1s grande de Europa. Este a\u00f1o celebra su cincuenta aniversario, ya que se inaugur\u00f3 un 26 de junio de 1967, inspir\u00e1ndose en modelos existentes en Florida y la Costa Azul francesa. El aniversario se conmemorar\u00e1 &hellip;<\/p>\n","protected":false},"author":1,"featured_media":0,"comment_status":"closed","ping_status":"open","sticky":false,"template":"","format":"standard","meta":[],"categories":[62],"tags":[],"_links":{"self":[{"href":"https:\/\/www.comunicatur.info\/es\/wp-json\/wp\/v2\/posts\/9992"}],"collection":[{"href":"https:\/\/www.comunicatur.info\/es\/wp-json\/wp\/v2\/posts"}],"about":[{"href":"https:\/\/www.comunicatur.info\/es\/wp-json\/wp\/v2\/types\/post"}],"author":[{"embeddable":true,"href":"https:\/\/www.comunicatur.info\/es\/wp-json\/wp\/v2\/users\/1"}],"replies":[{"embeddable":true,"href":"https:\/\/www.comunicatur.info\/es\/wp-json\/wp\/v2\/comments?post=9992"}],"version-history":[{"count":1,"href":"https:\/\/www.comunicatur.info\/es\/wp-json\/wp\/v2\/posts\/9992\/revisions"}],"predecessor-version":[{"id":9993,"href":"https:\/\/www.comunicatur.info\/es\/wp-json\/wp\/v2\/posts\/9992\/revisions\/9993"}],"wp:attachment":[{"href":"https:\/\/www.comunicatur.info\/es\/wp-json\/wp\/v2\/media?parent=9992"}],"wp:term":[{"taxonomy":"category","embeddable":true,"href":"https:\/\/www.comunicatur.info\/es\/wp-json\/wp\/v2\/categories?post=9992"},{"taxonomy":"post_tag","embeddable":true,"href":"https:\/\/www.comunicatur.info\/es\/wp-json\/wp\/v2\/tags?post=9992"}],"curies":[{"name":"wp","href":"https:\/\/api.w.org\/{rel}","templated":true}]}}