{"id":9938,"date":"2017-03-16T00:00:09","date_gmt":"2017-03-15T23:00:09","guid":{"rendered":"https:\/\/comunicatur.info\/?p=9938"},"modified":"2017-03-14T15:25:27","modified_gmt":"2017-03-14T14:25:27","slug":"crean-la-confederacion-de-campings-del-mediterraneo","status":"publish","type":"post","link":"https:\/\/www.comunicatur.info\/es\/crean-la-confederacion-de-campings-del-mediterraneo\/","title":{"rendered":"Crean la Confederaci\u00f3n de campings del mediterr\u00e1neo"},"content":{"rendered":"<p>Los campings de Catalu\u00f1a y Valencia han creado formalmente la confederaci\u00f3n de campings de la zona mediterr\u00e1nea. La fortaleza de esta nueva asociaci\u00f3n se refleja en su alta representatividad al sumar m\u00e1s de la mitad de la oferta de plazas de Espa\u00f1a.<\/p>\n<p><img src=\"https:\/\/www.comunicatur.info\/wp-content\/uploads\/2017\/03\/campingsMediterraneo-300x200.jpg\" alt=\"\" width=\"300\" height=\"200\" class=\"alignright size-medium wp-image-9936\" srcset=\"https:\/\/www.comunicatur.info\/wp-content\/uploads\/2017\/03\/campingsMediterraneo-300x200.jpg 300w, https:\/\/www.comunicatur.info\/wp-content\/uploads\/2017\/03\/campingsMediterraneo-768x512.jpg 768w, https:\/\/www.comunicatur.info\/wp-content\/uploads\/2017\/03\/campingsMediterraneo-600x400.jpg 600w, https:\/\/www.comunicatur.info\/wp-content\/uploads\/2017\/03\/campingsMediterraneo.jpg 775w\" sizes=\"(max-width: 300px) 100vw, 300px\" \/><!--more-->La intenci\u00f3n de las dos asociaciones que han iniciado la confederaci\u00f3n, la Federaci\u00f3n de Campings de la Comunidad Valenciana y la Asociaci\u00f3n de Campings de Girona, es trabajar de forma conjunta para reforzar al sector. La Confederaci\u00f3n est\u00e1 abierta a nuevas incorporaciones para seguir ganando potencia y representatividad territorial. En estos momentos las dos comunidades suman a todos los \u2018Best Campings\u2019 espa\u00f1oles que entregan las asociaciones de automovilistas alemanes y holandeses.<\/p>\n<p>Poco se sabe de cu\u00e1les ser\u00e1n las funciones reales de esta confederaci\u00f3n. S\u00ed que han manifestado los impulsadores que realizar\u00e1n acciones conjuntas en Espa\u00f1a y en Europa para fortalecer su imagen.<\/p>\n","protected":false},"excerpt":{"rendered":"<p>Los campings de Catalu\u00f1a y Valencia han creado formalmente la confederaci\u00f3n de campings de la zona mediterr\u00e1nea. La fortaleza de esta nueva asociaci\u00f3n se refleja en su alta representatividad al sumar m\u00e1s de la mitad de la oferta de plazas de Espa\u00f1a. La intenci\u00f3n de las dos asociaciones que han iniciado la confederaci\u00f3n, la Federaci\u00f3n &hellip;<\/p>\n","protected":false},"author":1,"featured_media":0,"comment_status":"closed","ping_status":"open","sticky":false,"template":"","format":"standard","meta":[],"categories":[59],"tags":[],"_links":{"self":[{"href":"https:\/\/www.comunicatur.info\/es\/wp-json\/wp\/v2\/posts\/9938"}],"collection":[{"href":"https:\/\/www.comunicatur.info\/es\/wp-json\/wp\/v2\/posts"}],"about":[{"href":"https:\/\/www.comunicatur.info\/es\/wp-json\/wp\/v2\/types\/post"}],"author":[{"embeddable":true,"href":"https:\/\/www.comunicatur.info\/es\/wp-json\/wp\/v2\/users\/1"}],"replies":[{"embeddable":true,"href":"https:\/\/www.comunicatur.info\/es\/wp-json\/wp\/v2\/comments?post=9938"}],"version-history":[{"count":1,"href":"https:\/\/www.comunicatur.info\/es\/wp-json\/wp\/v2\/posts\/9938\/revisions"}],"predecessor-version":[{"id":9939,"href":"https:\/\/www.comunicatur.info\/es\/wp-json\/wp\/v2\/posts\/9938\/revisions\/9939"}],"wp:attachment":[{"href":"https:\/\/www.comunicatur.info\/es\/wp-json\/wp\/v2\/media?parent=9938"}],"wp:term":[{"taxonomy":"category","embeddable":true,"href":"https:\/\/www.comunicatur.info\/es\/wp-json\/wp\/v2\/categories?post=9938"},{"taxonomy":"post_tag","embeddable":true,"href":"https:\/\/www.comunicatur.info\/es\/wp-json\/wp\/v2\/tags?post=9938"}],"curies":[{"name":"wp","href":"https:\/\/api.w.org\/{rel}","templated":true}]}}