{"id":9887,"date":"2017-03-06T00:00:54","date_gmt":"2017-03-05T23:00:54","guid":{"rendered":"https:\/\/comunicatur.info\/?p=9887"},"modified":"2017-03-03T18:43:07","modified_gmt":"2017-03-03T17:43:07","slug":"47-millones-visitantes-record-historico-absoluto-las-comarcas-barcelona","status":"publish","type":"post","link":"https:\/\/www.comunicatur.info\/es\/47-millones-visitantes-record-historico-absoluto-las-comarcas-barcelona\/","title":{"rendered":"4,7 millones de visitantes: r\u00e9cord hist\u00f3rico absoluto en las comarcas de Barcelona"},"content":{"rendered":"<p>La Diputaci\u00f3n de Barcelona acaba de presentar un avance de los principales datos de la actividad tur\u00edstica en las comarcas de Barcelona en 2016. Las cifras, fruto del trabajo del LABturismo de la Diputaci\u00f3n, <em>\u201cson hist\u00f3ricas\u201d<\/em> seg\u00fan Marc Castells, presidente delegado del \u00c1rea de Desarrollo Econ\u00f3mico, que ha sido el encargado de presentar este avance.<\/p>\n<p><!--more-->4,7 millones de visitantes durante el a\u00f1o 2016 significan un aumento respecto al a\u00f1o anterior de 650.000 turistas, un 16% m\u00e1s. Y tomando como referencia el a\u00f1o 2012, representa un mill\u00f3n m\u00e1s de visitantes. Los visitantes internacionales tambi\u00e9n suben, llegando a ser ya el 52% del total, un 23% m\u00e1s que en el a\u00f1o 2012.<\/p>\n<p>Castells explic\u00f3 que se ha cogido como referencia el a\u00f1o 2012 porque fue entonces cuando la Diputaci\u00f3n de Barcelona empez\u00f3 su Plan de M\u00e1rquetin 2012-2016.  El plan sigue vigente y se mejora continuamente.<\/p>\n<p>Entre las causas de estos datos tan positivos, Castells identifica la gran concertaci\u00f3n entre las administraciones, especialmente con Turismo de Barcelona y tambi\u00e9n la Agencia Catalana de Turismo, mejorando as\u00ed la competitividad del conjunto del destino Barcelona.<\/p>\n<p>Hay que subrayar adem\u00e1s que, como es habitual, los datos del LABturisme no incluyen los resultados de la comarca del Barcelon\u00e8s, lo que hace que los datos sean a\u00fan m\u00e1s espectaculares.<\/p>\n<p><strong>R\u00e9cord tambi\u00e9n en pernoctaciones<\/strong><br \/>\nEn cuanto a las pernoctaciones, el a\u00f1o 2016 tambi\u00e9n ha significado un nuevo r\u00e9cord con 13,5 millones en total, cerca de 922.000 m\u00e1s que el a\u00f1o anterior (un crecimiento del 7,3%) y 1,3 millones m\u00e1s que el 2012.<\/p>\n<p>Tambi\u00e9n destaca que el gasto tur\u00edstico se ha recuperado, habiendo sido en el 2016 de 90 euros por turista y d\u00eda (contando alojamiento y gasto en destino), cuando en el 2015 fue de 80,1 euros.<\/p>\n<p>El \u00fanico dato que no aumenta es la de estancia media, que ha pasado de 6,2 d\u00edas a 4,9 en tres a\u00f1os, del 2014 al 2016. Las razones de esta peque\u00f1a bajada se atribuyen a la ca\u00edda del mercado ruso y al crecimiento del turismo urbano y de negocios, que comporta una estancia m\u00e1s corta.<\/p>\n<p>El estudio tambi\u00e9n incluye la valoraci\u00f3n que los turistas hacen de la estancia en las comarcas de Barcelona, que es de un 8,2 de media. Castells considera la puntuaci\u00f3n como muy buena y tendente a la excelencia, si bien todav\u00eda hay margen para la mejora en temas como las playas o el acceso a Internet. Tambi\u00e9n destac\u00f3 la valoraci\u00f3n de la seguridad, que llega al 8,6.<\/p>\n<p>Finalmente tambi\u00e9n se valora muy positivamente el hecho de ensanchar la desestacionalizaci\u00f3n, ya que se ha producido un aumento del n\u00famero de turistas en los doce meses del a\u00f1o, especialmente en primavera y oto\u00f1o. <\/p>\n<p><strong>Hacia los 5 millones de turistas<\/strong><br \/>\nLas previsiones para 2017 es llegar a los 5 millones de turistas. Castells reafirm\u00f3 el inter\u00e9s hacia el turismo, definido como <em>\u201csector prioritario para la Diputaci\u00f3n de Barcelona\u201d<\/em> y destac\u00f3 que se mantendr\u00e1 la apuesta por las tres marcas de la demarcaci\u00f3n, <strong>Paisajes  Barcelona, Costa Barcelona y Pirineos Barcelona<\/strong><em>. Tambi\u00e9n record\u00f3 el proyecto de las V\u00edes Blaves <a href=\"https:\/\/www.comunicatur.info\/es\/marc-castells-las-vies-blaves-son-un-macroproyecto-turistico-300-km-transitables-por-los-cauces-de-los-rios-de-la-demarcacion-de-barcelona\/\" target=\"_blank\">(ver Comunicatur)<\/a> y anunci\u00f3 la pr\u00f3xima acci\u00f3n promocional <strong>Costa Barcelona Week<\/strong><\/em>, que tendr\u00e1 lugar entre el 12 y el 21 de mayo y donde se celebrar\u00e1n diferentes eventos en las comarcas implicadas en la marca Costa Barcelona.<\/p>\n<p>Recordamos que Turismo de la Diputaci\u00f3n de Barcelona tiene un presupuesto global de 8,5 millones de euros.<\/p>\n","protected":false},"excerpt":{"rendered":"<p>La Diputaci\u00f3n de Barcelona acaba de presentar un avance de los principales datos de la actividad tur\u00edstica en las comarcas de Barcelona en 2016. Las cifras, fruto del trabajo del LABturismo de la Diputaci\u00f3n, \u201cson hist\u00f3ricas\u201d seg\u00fan Marc Castells, presidente delegado del \u00c1rea de Desarrollo Econ\u00f3mico, que ha sido el encargado de presentar este avance. &hellip;<\/p>\n","protected":false},"author":1,"featured_media":0,"comment_status":"closed","ping_status":"open","sticky":false,"template":"","format":"standard","meta":[],"categories":[74,62],"tags":[],"_links":{"self":[{"href":"https:\/\/www.comunicatur.info\/es\/wp-json\/wp\/v2\/posts\/9887"}],"collection":[{"href":"https:\/\/www.comunicatur.info\/es\/wp-json\/wp\/v2\/posts"}],"about":[{"href":"https:\/\/www.comunicatur.info\/es\/wp-json\/wp\/v2\/types\/post"}],"author":[{"embeddable":true,"href":"https:\/\/www.comunicatur.info\/es\/wp-json\/wp\/v2\/users\/1"}],"replies":[{"embeddable":true,"href":"https:\/\/www.comunicatur.info\/es\/wp-json\/wp\/v2\/comments?post=9887"}],"version-history":[{"count":2,"href":"https:\/\/www.comunicatur.info\/es\/wp-json\/wp\/v2\/posts\/9887\/revisions"}],"predecessor-version":[{"id":9889,"href":"https:\/\/www.comunicatur.info\/es\/wp-json\/wp\/v2\/posts\/9887\/revisions\/9889"}],"wp:attachment":[{"href":"https:\/\/www.comunicatur.info\/es\/wp-json\/wp\/v2\/media?parent=9887"}],"wp:term":[{"taxonomy":"category","embeddable":true,"href":"https:\/\/www.comunicatur.info\/es\/wp-json\/wp\/v2\/categories?post=9887"},{"taxonomy":"post_tag","embeddable":true,"href":"https:\/\/www.comunicatur.info\/es\/wp-json\/wp\/v2\/tags?post=9887"}],"curies":[{"name":"wp","href":"https:\/\/api.w.org\/{rel}","templated":true}]}}