{"id":9875,"date":"2017-03-01T00:00:04","date_gmt":"2017-02-28T23:00:04","guid":{"rendered":"https:\/\/comunicatur.info\/?p=9875"},"modified":"2017-02-28T15:59:27","modified_gmt":"2017-02-28T14:59:27","slug":"uber-renuncia-dar-servicio-con-conductores-particulares-para-cumplir-con-ley","status":"publish","type":"post","link":"https:\/\/www.comunicatur.info\/es\/uber-renuncia-dar-servicio-con-conductores-particulares-para-cumplir-con-ley\/","title":{"rendered":"Uber renuncia a dar servicio con conductores particulares para cumplir con la ley"},"content":{"rendered":"<p>La plataforma Uber ha anunciado que cambiar\u00e1 su estrategia a escala europea para poder operar dentro de la legalidad. La empresa quiere instalarse en firme tambi\u00e9n en Barcelona y Catalu\u00f1a y de entrada renunciar\u00e1 a ofrecer el servicio de ch\u00f3fer con conductores particulares.<\/p>\n<p><!--more-->Uber tiene prisa por desarrollar su actividad en Barcelona donde se encuentra enfrentada con la normativa y con el sector del taxi en pleno. Para poder superar las dificultades, el director general Uber Europa, Thibaud Simphal, ha explicado al programa de televisi\u00f3n &#8216;Valor afegit&#8217; que utilizar\u00e1 conductores profesionales. Este es el sistema que utiliza en Madrid o Par\u00eds.<\/p>\n<p><img src=\"https:\/\/www.comunicatur.info\/wp-content\/uploads\/2014\/01\/UBER_bcn1-150x150.png\" alt=\"\" width=\"150\" height=\"150\" class=\"alignright size-thumbnail wp-image-6627\" \/>El objetivo de la plataforma es tener un veh\u00edculo Uber por cada dos taxis. En estos momentos, la normativa s\u00f3lo permite que exista un conductor profesional por cada 30 licencias de taxi. Esto limita a 300 conductores profesionales en Barcelona, una cantidad muy peque\u00f1a para las aspiraciones de la compa\u00f1\u00eda. Como ya inform\u00f3 Comunicatur, <a href=\"https:\/\/www.comunicatur.info\/es\/uber-esta-pendiente-de-la-normativa-catalana-para-abrir-en-barcelona\/\" target=\"_blank\">Uber estaba pendiente de la normativa catalana para abrir en Barcelona<\/a>.<\/p>\n<p>Ahora quieren iniciar negociaciones con el Ayuntamiento y la Generalitat para modificar la normativa y que se abra el grifo de la concesi\u00f3n de licencias profesionales. Seg\u00fan ha desvelado TV3, Uber aspira a unas 4.000 licencias profesionales para su aplicaci\u00f3n digital.<\/p>\n<p>Este gigante de la econom\u00eda colaborativa ha recibido contestaci\u00f3n desde los \u00e1mbitos profesionales. No le ha ayudado informaciones como las desveladas por Comunicatur el pasado a\u00f1o  en la que contaba <a href=\"https:\/\/www.comunicatur.info\/es\/uber-monta-una-ingenieria-fiscal-en-europa-para-pagar-solo-el-025-de-sus-beneficios\/\" target=\"_blank\">su sistema fiscal internacional para no tributar pr\u00e1cticamente nada de sus beneficios en la Uni\u00f3n Europea<\/a>.<\/p>\n","protected":false},"excerpt":{"rendered":"<p>La plataforma Uber ha anunciado que cambiar\u00e1 su estrategia a escala europea para poder operar dentro de la legalidad. La empresa quiere instalarse en firme tambi\u00e9n en Barcelona y Catalu\u00f1a y de entrada renunciar\u00e1 a ofrecer el servicio de ch\u00f3fer con conductores particulares. Uber tiene prisa por desarrollar su actividad en Barcelona donde se encuentra &hellip;<\/p>\n","protected":false},"author":1,"featured_media":0,"comment_status":"closed","ping_status":"open","sticky":false,"template":"","format":"standard","meta":[],"categories":[65],"tags":[],"_links":{"self":[{"href":"https:\/\/www.comunicatur.info\/es\/wp-json\/wp\/v2\/posts\/9875"}],"collection":[{"href":"https:\/\/www.comunicatur.info\/es\/wp-json\/wp\/v2\/posts"}],"about":[{"href":"https:\/\/www.comunicatur.info\/es\/wp-json\/wp\/v2\/types\/post"}],"author":[{"embeddable":true,"href":"https:\/\/www.comunicatur.info\/es\/wp-json\/wp\/v2\/users\/1"}],"replies":[{"embeddable":true,"href":"https:\/\/www.comunicatur.info\/es\/wp-json\/wp\/v2\/comments?post=9875"}],"version-history":[{"count":2,"href":"https:\/\/www.comunicatur.info\/es\/wp-json\/wp\/v2\/posts\/9875\/revisions"}],"predecessor-version":[{"id":9877,"href":"https:\/\/www.comunicatur.info\/es\/wp-json\/wp\/v2\/posts\/9875\/revisions\/9877"}],"wp:attachment":[{"href":"https:\/\/www.comunicatur.info\/es\/wp-json\/wp\/v2\/media?parent=9875"}],"wp:term":[{"taxonomy":"category","embeddable":true,"href":"https:\/\/www.comunicatur.info\/es\/wp-json\/wp\/v2\/categories?post=9875"},{"taxonomy":"post_tag","embeddable":true,"href":"https:\/\/www.comunicatur.info\/es\/wp-json\/wp\/v2\/tags?post=9875"}],"curies":[{"name":"wp","href":"https:\/\/api.w.org\/{rel}","templated":true}]}}