{"id":9854,"date":"2017-02-24T00:00:32","date_gmt":"2017-02-23T23:00:32","guid":{"rendered":"https:\/\/comunicatur.info\/?p=9854"},"modified":"2017-02-22T20:58:39","modified_gmt":"2017-02-22T19:58:39","slug":"terres-lebre-top100-los-destinos-sostenibles-mundo","status":"publish","type":"post","link":"https:\/\/www.comunicatur.info\/es\/terres-lebre-top100-los-destinos-sostenibles-mundo\/","title":{"rendered":"Terres de l\u2019Ebre, en el Top100 de los destinos sostenibles del mundo"},"content":{"rendered":"<p>Las cuatro comarcas que forman este territorio del sur de Catalu\u00f1a, Terres de l\u2019Ebre, han sido reconocidas por la asociaci\u00f3n internacional Global Green Destinations como uno de los 100 mejores destinos tur\u00edsticos sostenibles del mundo (Top 100 Sustainable Destinations).<\/p>\n<p><!--more-->El 35% de la superficie de Terres de l\u2019Ebre est\u00e1 protegido por Natura 2000, y <a href=\"https:\/\/www.comunicatur.info\/es\/terres-de-lebre-segona-reserva-de-la-biosfera-catalana-2\/\" target=\"_blank\">en 2013 la regi\u00f3n fue reconocida como Reserva de la Biosfera por la Unesco<\/a>, se convert\u00eda as\u00ed en la segunda reserva catalana que consegu\u00eda esta declaraci\u00f3n, 35 a\u00f1os despu\u00e9s de la primera, el Parque Natural del Montseny.<\/p>\n<p>Ya en el a\u00f1o 2010, veinte empresas tur\u00edsticas que trabajan en el Parque Natural del Delta del Ebro superaron la auditor\u00eda de Europarc para conseguir <a href=\"https:\/\/www.comunicatur.info\/es\/empreses-de-lebre-reben-la-carta-europea-de-turisme-sostenible-2\/\" target=\"_blank\">el certificado de la Carta Europea de Turismo Sostenible (CETS)<\/a>. Un a\u00f1o antes <a href=\"https:\/\/www.comunicatur.info\/es\/el-delta-de-lebre-premi-destinacio-europea-dexcel%e2%80%a2lencia-2009-2\/\" target=\"_blank\">el Delta recibi\u00f3 el premio EDEN de Destino de Excelencia<\/a> por su conservaci\u00f3n y puesta en valor de los recursos naturales del territorio que otorga la Comisi\u00f3n Europea.<\/p>\n<p>Ahora con este nuevo reconocimiento ganar\u00e1 a\u00fan m\u00e1s aval y visibilidad en el mercado tur\u00edstico exterior. Global Green Destinations es una asociaci\u00f3n global para el turismo responsable que da apoyo a los destinos, regiones y pa\u00edses en la mejora de la calidad y la sostenibilidad.<\/p>\n<p>Adem\u00e1s de proteger y preservar la naturaleza, Terres de l\u2019Ebre tambi\u00e9n trabaja en otros elementos de sostenibilidad para compatibilizar el desarrollo del turismo con la conservaci\u00f3n de la naturaleza, como por ejemplo la reducci\u00f3n del uso de combustibles f\u00f3siles y la adopci\u00f3n de estrategias para reducir las emisiones de CO2.<\/p>\n","protected":false},"excerpt":{"rendered":"<p>Las cuatro comarcas que forman este territorio del sur de Catalu\u00f1a, Terres de l\u2019Ebre, han sido reconocidas por la asociaci\u00f3n internacional Global Green Destinations como uno de los 100 mejores destinos tur\u00edsticos sostenibles del mundo (Top 100 Sustainable Destinations). El 35% de la superficie de Terres de l\u2019Ebre est\u00e1 protegido por Natura 2000, y en &hellip;<\/p>\n","protected":false},"author":1,"featured_media":0,"comment_status":"closed","ping_status":"open","sticky":false,"template":"","format":"standard","meta":[],"categories":[62],"tags":[],"_links":{"self":[{"href":"https:\/\/www.comunicatur.info\/es\/wp-json\/wp\/v2\/posts\/9854"}],"collection":[{"href":"https:\/\/www.comunicatur.info\/es\/wp-json\/wp\/v2\/posts"}],"about":[{"href":"https:\/\/www.comunicatur.info\/es\/wp-json\/wp\/v2\/types\/post"}],"author":[{"embeddable":true,"href":"https:\/\/www.comunicatur.info\/es\/wp-json\/wp\/v2\/users\/1"}],"replies":[{"embeddable":true,"href":"https:\/\/www.comunicatur.info\/es\/wp-json\/wp\/v2\/comments?post=9854"}],"version-history":[{"count":1,"href":"https:\/\/www.comunicatur.info\/es\/wp-json\/wp\/v2\/posts\/9854\/revisions"}],"predecessor-version":[{"id":9855,"href":"https:\/\/www.comunicatur.info\/es\/wp-json\/wp\/v2\/posts\/9854\/revisions\/9855"}],"wp:attachment":[{"href":"https:\/\/www.comunicatur.info\/es\/wp-json\/wp\/v2\/media?parent=9854"}],"wp:term":[{"taxonomy":"category","embeddable":true,"href":"https:\/\/www.comunicatur.info\/es\/wp-json\/wp\/v2\/categories?post=9854"},{"taxonomy":"post_tag","embeddable":true,"href":"https:\/\/www.comunicatur.info\/es\/wp-json\/wp\/v2\/tags?post=9854"}],"curies":[{"name":"wp","href":"https:\/\/api.w.org\/{rel}","templated":true}]}}