{"id":9677,"date":"2017-02-10T00:00:37","date_gmt":"2017-02-09T23:00:37","guid":{"rendered":"https:\/\/comunicatur.info\/?p=9677"},"modified":"2017-02-09T13:25:51","modified_gmt":"2017-02-09T12:25:51","slug":"andorra-pone-funcionamiento-pasaporte-mas-seguro-mundo","status":"publish","type":"post","link":"https:\/\/www.comunicatur.info\/es\/andorra-pone-funcionamiento-pasaporte-mas-seguro-mundo\/","title":{"rendered":"Andorra pone en funcionamiento el pasaporte m\u00e1s seguro del mundo"},"content":{"rendered":"<p>El Gobierno andorrano ha comenzado a expedir un nuevo pasaporte de car\u00e1cter biom\u00e9trico denominado de tercera generaci\u00f3n que incorpora sistemas de seguridad que lo hacen pr\u00e1cticamente \u201cinfalsificable\u201d.<\/p>\n<p><!--more-->Los ciudadanos andorranos estrenan este documento que comenzar\u00e1 a extenderse a nivel global. El pasaporte est\u00e1 considerado el m\u00e1s seguro del mundo. Entre las nuevas medidas de seguridad incorpora la impresi\u00f3n en l\u00e1ser color sobre una base de policarbonato. Gracias a esta tecnolog\u00eda l\u00e1ser el nuevo pasaporte no se podr\u00e1 duplicar. Adem\u00e1s, incorpora un chip y la p\u00e1gina se divide en dos zonas, una de inspecci\u00f3n visual y la otra de lectura autom\u00e1tica, seg\u00fan inform\u00f3 el Gobierno de Andorra.<\/p>\n<p>La fotograf\u00eda incorporada en el pasaporte debe realizarse en unas m\u00e1quinas especiales situadas en los lugares de expedici\u00f3n y ya no la puede aportar uno mismo. Se trata de un sistema de validaci\u00f3n de la imagen que cuenta con hasta 20 par\u00e1metros de control y validaci\u00f3n diferentes.<\/p>\n<p>Por su parte, la directora comercial de la empresa Oberthur Technologies, responsable del proyecto gubernamental de cambio de pasaporte, ha explicado que actualmente se est\u00e1 trabajando para implementar este pasaporte de alto nivel en otros pa\u00edses, pero que de momento s\u00f3lo se dispone en el Principado. Asegur\u00f3 que con la nueva tecnolog\u00eda incorporada Andorra cuenta con el pasaporte m\u00e1s seguro del mundo, porque \u00abno permite falsificaciones y garantiza una seguridad total\u00bb.<\/p>\n<p>La seguridad nacional de los Estados ante fen\u00f3menos de delincuencia transnacional y de terrorismo har\u00e1 que este modelo de pasaporte se extienda. Hace unos dos a\u00f1os que entr\u00f3 en vigor para los estados de la Uni\u00f3n Europea (UE) la necesidad de introducir m\u00e1s medidas de seguridad en el chip de los pasaportes. Andorra, que no forma parte de la UE, se ha avanzado para homologar las medidas de seguridad con la de los pa\u00edses del entorno.<\/p>\n","protected":false},"excerpt":{"rendered":"<p>El Gobierno andorrano ha comenzado a expedir un nuevo pasaporte de car\u00e1cter biom\u00e9trico denominado de tercera generaci\u00f3n que incorpora sistemas de seguridad que lo hacen pr\u00e1cticamente \u201cinfalsificable\u201d. Los ciudadanos andorranos estrenan este documento que comenzar\u00e1 a extenderse a nivel global. El pasaporte est\u00e1 considerado el m\u00e1s seguro del mundo. Entre las nuevas medidas de seguridad &hellip;<\/p>\n","protected":false},"author":1,"featured_media":0,"comment_status":"closed","ping_status":"open","sticky":false,"template":"","format":"standard","meta":[],"categories":[64],"tags":[],"_links":{"self":[{"href":"https:\/\/www.comunicatur.info\/es\/wp-json\/wp\/v2\/posts\/9677"}],"collection":[{"href":"https:\/\/www.comunicatur.info\/es\/wp-json\/wp\/v2\/posts"}],"about":[{"href":"https:\/\/www.comunicatur.info\/es\/wp-json\/wp\/v2\/types\/post"}],"author":[{"embeddable":true,"href":"https:\/\/www.comunicatur.info\/es\/wp-json\/wp\/v2\/users\/1"}],"replies":[{"embeddable":true,"href":"https:\/\/www.comunicatur.info\/es\/wp-json\/wp\/v2\/comments?post=9677"}],"version-history":[{"count":1,"href":"https:\/\/www.comunicatur.info\/es\/wp-json\/wp\/v2\/posts\/9677\/revisions"}],"predecessor-version":[{"id":9678,"href":"https:\/\/www.comunicatur.info\/es\/wp-json\/wp\/v2\/posts\/9677\/revisions\/9678"}],"wp:attachment":[{"href":"https:\/\/www.comunicatur.info\/es\/wp-json\/wp\/v2\/media?parent=9677"}],"wp:term":[{"taxonomy":"category","embeddable":true,"href":"https:\/\/www.comunicatur.info\/es\/wp-json\/wp\/v2\/categories?post=9677"},{"taxonomy":"post_tag","embeddable":true,"href":"https:\/\/www.comunicatur.info\/es\/wp-json\/wp\/v2\/tags?post=9677"}],"curies":[{"name":"wp","href":"https:\/\/api.w.org\/{rel}","templated":true}]}}