{"id":9619,"date":"2017-01-31T00:00:40","date_gmt":"2017-01-30T23:00:40","guid":{"rendered":"https:\/\/comunicatur.info\/?p=9619"},"modified":"2017-01-30T15:33:06","modified_gmt":"2017-01-30T14:33:06","slug":"sagrada-familia-dispara-su-record-visitantes","status":"publish","type":"post","link":"https:\/\/www.comunicatur.info\/es\/sagrada-familia-dispara-su-record-visitantes\/","title":{"rendered":"La Sagrada Familia dispara su r\u00e9cord de visitantes"},"content":{"rendered":"<p>El templo de la Sagrada Familia, el icono m\u00e1s representativo de la ciudad de Barcelona, \u200b\u200bha superado los 4,5 millones de visitas. Ha crecido en casi 800 mil visitantes en un a\u00f1o y en 1,2 millones desde 2014.<\/p>\n<p><!--more--><img class=\"size-medium wp-image-9300 alignright\" src=\"https:\/\/www.comunicatur.info\/wp-content\/uploads\/2016\/11\/SagrdaFamilia-300x225.jpg\" alt=\"\" width=\"300\" height=\"225\" srcset=\"https:\/\/www.comunicatur.info\/wp-content\/uploads\/2016\/11\/SagrdaFamilia-300x225.jpg 300w, https:\/\/www.comunicatur.info\/wp-content\/uploads\/2016\/11\/SagrdaFamilia.jpg 512w\" sizes=\"(max-width: 300px) 100vw, 300px\" \/>El 72% de los visitantes eligieron la visita al monumento por su atractivo tur\u00edstico al considerarlo imprescindible durante la estancia en la ciudad. El resto ten\u00edan una motivaci\u00f3n vinculada a aspectos religiosos, arquitect\u00f3nicos o por la figura de Antoni Gaud\u00ed. La evoluci\u00f3n ha sido positiva en los \u00faltimos a\u00f1os, con crecimientos muy importantes: 3,3 millones en 2014, 3,7 millones en 2015 y 4,5 millones en 2016.<\/p>\n<p>Sobre el \u00e9xito de visitantes, sin embargo, hay que tener presente que estos 4,5 millones de personas representan \u00fanicamente el 20% de los turistas que se acercan al templo. Tal y como inform\u00f3 Comunicatur, <a href=\"https:\/\/www.comunicatur.info\/es\/la-sagrada-familia-un-icono-turistico-de-poco-mas-de-40-minutos\/\" target=\"_blank\">el 80% de los turistas visitan s\u00f3lo los entornos de la Sagrada Familia y la mitad no est\u00e1 ni 40 minutos por la zona<\/a>.<\/p>\n<p>El p\u00fablico joven es el principal visitante, el 44% tiene entre 16 y 34 a\u00f1os. Por procedencia, los franceses y norteamericanos son, con un 12% cada uno, los turistas m\u00e1s interesados en la bas\u00edlica. Los catalanes y del resto de Espa\u00f1a suman s\u00f3lo un 6,4%.<\/p>\n<p><img class=\"alignleft size-full wp-image-9620\" src=\"https:\/\/www.comunicatur.info\/wp-content\/uploads\/2017\/01\/ranking_visitants-lugaresInteresBCN.jpg\" alt=\"\" width=\"514\" height=\"373\" srcset=\"https:\/\/www.comunicatur.info\/wp-content\/uploads\/2017\/01\/ranking_visitants-lugaresInteresBCN.jpg 514w, https:\/\/www.comunicatur.info\/wp-content\/uploads\/2017\/01\/ranking_visitants-lugaresInteresBCN-300x218.jpg 300w\" sizes=\"(max-width: 514px) 100vw, 514px\" \/><\/p>\n","protected":false},"excerpt":{"rendered":"<p>El templo de la Sagrada Familia, el icono m\u00e1s representativo de la ciudad de Barcelona, \u200b\u200bha superado los 4,5 millones de visitas. Ha crecido en casi 800 mil visitantes en un a\u00f1o y en 1,2 millones desde 2014. El 72% de los visitantes eligieron la visita al monumento por su atractivo tur\u00edstico al considerarlo imprescindible &hellip;<\/p>\n","protected":false},"author":1,"featured_media":0,"comment_status":"closed","ping_status":"open","sticky":false,"template":"","format":"standard","meta":[],"categories":[74],"tags":[],"_links":{"self":[{"href":"https:\/\/www.comunicatur.info\/es\/wp-json\/wp\/v2\/posts\/9619"}],"collection":[{"href":"https:\/\/www.comunicatur.info\/es\/wp-json\/wp\/v2\/posts"}],"about":[{"href":"https:\/\/www.comunicatur.info\/es\/wp-json\/wp\/v2\/types\/post"}],"author":[{"embeddable":true,"href":"https:\/\/www.comunicatur.info\/es\/wp-json\/wp\/v2\/users\/1"}],"replies":[{"embeddable":true,"href":"https:\/\/www.comunicatur.info\/es\/wp-json\/wp\/v2\/comments?post=9619"}],"version-history":[{"count":1,"href":"https:\/\/www.comunicatur.info\/es\/wp-json\/wp\/v2\/posts\/9619\/revisions"}],"predecessor-version":[{"id":9621,"href":"https:\/\/www.comunicatur.info\/es\/wp-json\/wp\/v2\/posts\/9619\/revisions\/9621"}],"wp:attachment":[{"href":"https:\/\/www.comunicatur.info\/es\/wp-json\/wp\/v2\/media?parent=9619"}],"wp:term":[{"taxonomy":"category","embeddable":true,"href":"https:\/\/www.comunicatur.info\/es\/wp-json\/wp\/v2\/categories?post=9619"},{"taxonomy":"post_tag","embeddable":true,"href":"https:\/\/www.comunicatur.info\/es\/wp-json\/wp\/v2\/tags?post=9619"}],"curies":[{"name":"wp","href":"https:\/\/api.w.org\/{rel}","templated":true}]}}