{"id":9587,"date":"2017-01-23T00:00:41","date_gmt":"2017-01-22T23:00:41","guid":{"rendered":"https:\/\/comunicatur.info\/?p=9587"},"modified":"2017-01-23T00:03:23","modified_gmt":"2017-01-22T23:03:23","slug":"manifestantes-contrarios-turismo-entran-albergues-y-hoteles-barcelona","status":"publish","type":"post","link":"https:\/\/www.comunicatur.info\/es\/manifestantes-contrarios-turismo-entran-albergues-y-hoteles-barcelona\/","title":{"rendered":"Manifestantes contrarios al turismo entran en albergues y hoteles de Barcelona"},"content":{"rendered":"<p>Hace un mes Comunicatur informaba del <a href=\"https:\/\/www.comunicatur.info\/es\/intimidan-a-los-turistas-en-barcelona-como-forma-de-presion\/\" target=\"_blank\">cambio de estrategia de las plataformas de vecinos de Barcelona contrarias al turismo<\/a>. Una estrategia que pasaba por intimidar a los turistas directamente como forma de presi\u00f3n. Si en ese momento pararon y subieron a autobuses en servicio del Bus Tur\u00edstico, ahora se ha vivido un episodio diferente pero en la misma l\u00ednea.<\/p>\n<p><!--more--><img class=\"alignright size-medium wp-image-9583\" src=\"https:\/\/www.comunicatur.info\/wp-content\/uploads\/2017\/01\/manifestaci\u00f3_antiTurisme-300x195.jpg\" alt=\"\" width=\"300\" height=\"195\" srcset=\"https:\/\/www.comunicatur.info\/wp-content\/uploads\/2017\/01\/manifestaci\u00f3_antiTurisme-300x195.jpg 300w, https:\/\/www.comunicatur.info\/wp-content\/uploads\/2017\/01\/manifestaci\u00f3_antiTurisme-600x390.jpg 600w, https:\/\/www.comunicatur.info\/wp-content\/uploads\/2017\/01\/manifestaci\u00f3_antiTurisme.jpg 615w\" sizes=\"(max-width: 300px) 100vw, 300px\" \/>Las movilizaciones vecinales han vuelto a salir recientemente a las calles de Barcelona, \u200b\u200bconcretamente en Ciutat Vella y el barrio de Gracia. Seg\u00fan inform\u00f3 la televisi\u00f3n municipal BTV los manifestantes \u00abcontra la especulaci\u00f3n urban\u00edstica y la masificaci\u00f3n tur\u00edstica\u00bb han accedido al interior de algunos albergues y hoteles de la ciudad gritando consignas contra el turismo. Tambi\u00e9n han lanzado bolas de pintura a las fachadas.<\/p>\n<p>La Asamblea de Barrios por un Turismo Sostenible es la impulsora de estas acciones. Denuncian que \u00abel turismo mata los barrios\u00bb para que los vecinos tienen que marchar ya que las viviendas est\u00e1n subiendo de precio por culpa de la proliferaci\u00f3n de alojamientos tur\u00edsticos. Piden que el Ayuntamiento, en el Plan de alojamientos tur\u00edsticos (PEUAT) que est\u00e1 elaborando, elimine los apartamentos tur\u00edsticos y que no se cree ninguna plaza hotelera nueva en Barcelona<\/p>\n<p><strong>El precio del alquiler en Barcelona sube un 15%<\/strong><br \/>\nLos indicadores de los principales portales inmobiliarios han detectado que los precios del alquiler en la capital catalana han llegado a los niveles anteriores a la crisis. Durante el a\u00f1o pasado casi alcanz\u00f3 un 15% de incremento. El Eixample, Nou Barris, Sant Andreu o Sant Mart\u00ed son algunas de los zonas donde m\u00e1s ha subido el precio de alquiler.<\/p>\n","protected":false},"excerpt":{"rendered":"<p>Hace un mes Comunicatur informaba del cambio de estrategia de las plataformas de vecinos de Barcelona contrarias al turismo. Una estrategia que pasaba por intimidar a los turistas directamente como forma de presi\u00f3n. Si en ese momento pararon y subieron a autobuses en servicio del Bus Tur\u00edstico, ahora se ha vivido un episodio diferente pero &hellip;<\/p>\n","protected":false},"author":1,"featured_media":0,"comment_status":"closed","ping_status":"open","sticky":false,"template":"","format":"standard","meta":[],"categories":[62],"tags":[],"_links":{"self":[{"href":"https:\/\/www.comunicatur.info\/es\/wp-json\/wp\/v2\/posts\/9587"}],"collection":[{"href":"https:\/\/www.comunicatur.info\/es\/wp-json\/wp\/v2\/posts"}],"about":[{"href":"https:\/\/www.comunicatur.info\/es\/wp-json\/wp\/v2\/types\/post"}],"author":[{"embeddable":true,"href":"https:\/\/www.comunicatur.info\/es\/wp-json\/wp\/v2\/users\/1"}],"replies":[{"embeddable":true,"href":"https:\/\/www.comunicatur.info\/es\/wp-json\/wp\/v2\/comments?post=9587"}],"version-history":[{"count":3,"href":"https:\/\/www.comunicatur.info\/es\/wp-json\/wp\/v2\/posts\/9587\/revisions"}],"predecessor-version":[{"id":9590,"href":"https:\/\/www.comunicatur.info\/es\/wp-json\/wp\/v2\/posts\/9587\/revisions\/9590"}],"wp:attachment":[{"href":"https:\/\/www.comunicatur.info\/es\/wp-json\/wp\/v2\/media?parent=9587"}],"wp:term":[{"taxonomy":"category","embeddable":true,"href":"https:\/\/www.comunicatur.info\/es\/wp-json\/wp\/v2\/categories?post=9587"},{"taxonomy":"post_tag","embeddable":true,"href":"https:\/\/www.comunicatur.info\/es\/wp-json\/wp\/v2\/tags?post=9587"}],"curies":[{"name":"wp","href":"https:\/\/api.w.org\/{rel}","templated":true}]}}