{"id":9579,"date":"2017-01-24T00:00:44","date_gmt":"2017-01-23T23:00:44","guid":{"rendered":"https:\/\/comunicatur.info\/?p=9579"},"modified":"2017-01-22T23:42:22","modified_gmt":"2017-01-22T22:42:22","slug":"girona-presenta-su-ano-bicicleta-y-sostenibilidad","status":"publish","type":"post","link":"https:\/\/www.comunicatur.info\/es\/girona-presenta-su-ano-bicicleta-y-sostenibilidad\/","title":{"rendered":"Girona presenta su A\u00f1o de la Bicicleta y la Sostenibilidad"},"content":{"rendered":"<p>Un a\u00f1o m\u00e1s, la oferta tur\u00edstica de la Costa Brava y el Pirineo de Girona ha tenido su presencia en la Feria Internacional de Turismo, Fitur, en Madrid. Dentro del gran estand de la Agencia Catalana de Turismo se encontraban los municipios de Girona, Lloret de Mar, Blanes y Puigcerd\u00e0, junto al espacio espec\u00edfico del Patronato de Turismo Costa Brava Girona.<\/p>\n<p><!--more-->Entre los diferentes productos presentados ha destacado la conmemoraci\u00f3n y declaraci\u00f3n del Patronato de 2017 como el <strong>A\u00f1o de la Bicicleta y la Sostenibilidad<\/strong>. De esta manera el Club de Naturaleza y Turismo Activo tendr\u00e1 un protagonismo especial en el Plan de Acciones del Patronato. La acci\u00f3n m\u00e1s importante, en este sentido, ser\u00e1 el Sea Otter Europe Costa Brava Girona Bike Show, que tendr\u00e1 lugar del 2 al 4 de junio.<\/p>\n<p><img class=\"alignright size-medium wp-image-9577\" src=\"https:\/\/www.comunicatur.info\/wp-content\/uploads\/2017\/01\/Espai-Costa-Brava-a-Fitur2017.-Mostrador-Lloret-de-Mar-300x157.jpg\" alt=\"\" width=\"300\" height=\"157\" srcset=\"https:\/\/www.comunicatur.info\/wp-content\/uploads\/2017\/01\/Espai-Costa-Brava-a-Fitur2017.-Mostrador-Lloret-de-Mar-300x157.jpg 300w, https:\/\/www.comunicatur.info\/wp-content\/uploads\/2017\/01\/Espai-Costa-Brava-a-Fitur2017.-Mostrador-Lloret-de-Mar-768x403.jpg 768w, https:\/\/www.comunicatur.info\/wp-content\/uploads\/2017\/01\/Espai-Costa-Brava-a-Fitur2017.-Mostrador-Lloret-de-Mar-1024x537.jpg 1024w, https:\/\/www.comunicatur.info\/wp-content\/uploads\/2017\/01\/Espai-Costa-Brava-a-Fitur2017.-Mostrador-Lloret-de-Mar-600x315.jpg 600w, https:\/\/www.comunicatur.info\/wp-content\/uploads\/2017\/01\/Espai-Costa-Brava-a-Fitur2017.-Mostrador-Lloret-de-Mar.jpg 1800w\" sizes=\"(max-width: 300px) 100vw, 300px\" \/>Otras acciones presentadas en Fitur han sido la segunda edici\u00f3n del <strong>mes de la Cultura<\/strong>, la tercera edici\u00f3n del <strong>Festival Ennatura\u2019t<\/strong>, la cuarta edici\u00f3n del <strong>Festival del Vino, Vivid<\/strong> y los diferentes <strong>festivales de m\u00fasica<\/strong> que tienen lugar en la Costa Brava y el Pirineo de Girona.<\/p>\n<p><strong>Gran presentaci\u00f3n a los operadores tur\u00edsticos<\/strong><br \/>\nEl Patronato de Turismo organiz\u00f3 el primer d\u00eda de la feria una presentaci\u00f3n exclusiva, en el transcurso de una comida, dirigida a diez directivos de empresas operadoras de viajes, alojamientos y eventos espa\u00f1olas. Estaban representadas empresas como Logitravel, Rumbo, Turisferr Viajes, Muchoviaje, Viajes El Corte Ingl\u00e9s, B the Travel Brand, Destinia, Pangea y Nautalia.<\/p>\n<p>A lo largo de la feria, adem\u00e1s, tambi\u00e9n tuvieron reuniones con operadores extranjeros como Thomas Cook, Tez Tour, Sundio Group y portales de viajes como Kamaleon, Locatur o Tripadvisor.<\/p>\n<p><strong>Renovaci\u00f3n del convenio de colaboraci\u00f3n con Renfe<\/strong><br \/>\nPor otro lado, aprovechando la feria, Renfe y el Patronato de Turismo Costa Brava Girona han renovado su convenio de colaboraci\u00f3n para la promoci\u00f3n tur\u00edstica de la demarcaci\u00f3n. El convenio implica que Renfe aplicar\u00e1 un 35% de descuento a los asistentes a eventos, ferias y congresos a trav\u00e9s de la tarifa de Ferias y Congresos del operador ferroviario.<br \/>\nEl Patronato se compromete a promocionar en sus actividades el tren de Alta Velocidad para su uso como medio de transporte en el corredor Madrid &#8211; Barcelona &#8211; Girona &#8211; Figueres Vilafant, as\u00ed como en los servicios de Larga Distancia.<\/p>\n<p>El convenio lo han firmado el presidente del Patronato de Turismo Costa Brava Girona, Pere Vila y el director General de Renfe, Ram\u00f3n Azuara.<\/p>\n<p><a href=\"http:\/\/fitxers.costabrava.org\/admin\/PAO2017.pdf\" target=\"_blank\" rel=\"noopener\">Plan de Acciones Patronato Costa Brava Girona 2017<\/a><\/p>\n","protected":false},"excerpt":{"rendered":"<p>Un a\u00f1o m\u00e1s, la oferta tur\u00edstica de la Costa Brava y el Pirineo de Girona ha tenido su presencia en la Feria Internacional de Turismo, Fitur, en Madrid. Dentro del gran estand de la Agencia Catalana de Turismo se encontraban los municipios de Girona, Lloret de Mar, Blanes y Puigcerd\u00e0, junto al espacio espec\u00edfico del &hellip;<\/p>\n","protected":false},"author":1,"featured_media":0,"comment_status":"closed","ping_status":"open","sticky":false,"template":"","format":"standard","meta":[],"categories":[62],"tags":[],"_links":{"self":[{"href":"https:\/\/www.comunicatur.info\/es\/wp-json\/wp\/v2\/posts\/9579"}],"collection":[{"href":"https:\/\/www.comunicatur.info\/es\/wp-json\/wp\/v2\/posts"}],"about":[{"href":"https:\/\/www.comunicatur.info\/es\/wp-json\/wp\/v2\/types\/post"}],"author":[{"embeddable":true,"href":"https:\/\/www.comunicatur.info\/es\/wp-json\/wp\/v2\/users\/1"}],"replies":[{"embeddable":true,"href":"https:\/\/www.comunicatur.info\/es\/wp-json\/wp\/v2\/comments?post=9579"}],"version-history":[{"count":2,"href":"https:\/\/www.comunicatur.info\/es\/wp-json\/wp\/v2\/posts\/9579\/revisions"}],"predecessor-version":[{"id":9581,"href":"https:\/\/www.comunicatur.info\/es\/wp-json\/wp\/v2\/posts\/9579\/revisions\/9581"}],"wp:attachment":[{"href":"https:\/\/www.comunicatur.info\/es\/wp-json\/wp\/v2\/media?parent=9579"}],"wp:term":[{"taxonomy":"category","embeddable":true,"href":"https:\/\/www.comunicatur.info\/es\/wp-json\/wp\/v2\/categories?post=9579"},{"taxonomy":"post_tag","embeddable":true,"href":"https:\/\/www.comunicatur.info\/es\/wp-json\/wp\/v2\/tags?post=9579"}],"curies":[{"name":"wp","href":"https:\/\/api.w.org\/{rel}","templated":true}]}}