{"id":9470,"date":"2016-12-28T00:00:27","date_gmt":"2016-12-27T23:00:27","guid":{"rendered":"https:\/\/comunicatur.info\/?p=9470"},"modified":"2016-12-22T13:08:06","modified_gmt":"2016-12-22T12:08:06","slug":"datos-de-la-actividad-turistica-en-el-entorno-de-barcelona-infografia","status":"publish","type":"post","link":"https:\/\/www.comunicatur.info\/es\/datos-de-la-actividad-turistica-en-el-entorno-de-barcelona-infografia\/","title":{"rendered":"Datos de la actividad tur\u00edstica en el entorno de Barcelona, infograf\u00eda"},"content":{"rendered":"<p>El LABturisme de la Diputaci\u00f3n de Barcelona acaba de publicar los datos oficiales de la actividad tur\u00edstica del mes de octubre en el Entorno de Barcelona. Como ya es habitual, estos datos no incluyen la comarca del Barcelon\u00e8s y por lo tanto, tampoco de la ciudad de Barcelona.<\/p>\n<p><!--more--><a href=\"http:\/\/media.diba.cat\/diba\/labturisme\/2016-10\/index.html\" target=\"_blank\" rel=\"noopener\"><img class=\"alignright size-medium wp-image-9468\" alt=\"indicadordiba_octubre\" src=\"https:\/\/www.comunicatur.info\/wp-content\/uploads\/2016\/12\/indicadorDIBA_octubre-218x300.jpg\" width=\"218\" height=\"300\" srcset=\"https:\/\/www.comunicatur.info\/wp-content\/uploads\/2016\/12\/indicadorDIBA_octubre-218x300.jpg 218w, https:\/\/www.comunicatur.info\/wp-content\/uploads\/2016\/12\/indicadorDIBA_octubre-600x823.jpg 600w, https:\/\/www.comunicatur.info\/wp-content\/uploads\/2016\/12\/indicadorDIBA_octubre.jpg 630w\" sizes=\"(max-width: 218px) 100vw, 218px\" \/><\/a>Estos indicadores tur\u00edsticos est\u00e1n disponibles a trav\u00e9s de una clara infograf\u00eda interactiva, lo que facilita la comprensi\u00f3n e identificaci\u00f3n de los datos.<\/p>\n<p>Destaca el aumento generalizado respecto a los datos de 2015. As\u00ed, por ejemplo, el n\u00famero de turistas recibidos ha crecido un 14,6% y las pernoctaciones han tenido un crecimiento del 5,1%.<\/p>\n<p>En cifras totales han sido 429.459 turistas que generaron 1.085.873 de pernoctaciones.<\/p>\n<p>Pero mientras los hoteles crecen en el n\u00famero de turistas (+17,7%) y el turismo rural tambi\u00e9n (+4,7%), los campings decrecen (-5,3% en el n\u00famero de turistas y -6,7% en el n\u00famero de pernoctaciones).<\/p>\n<p>Tambi\u00e9n es interesante saber que el sector emple\u00f3 de forma directa a un total de 6.887 trabajadores, un 2% m\u00e1s que el a\u00f1o pasado.<\/p>\n<p><a href=\"http:\/\/media.diba.cat\/diba\/labturisme\/2016-10\/index.html\" target=\"_blank\" rel=\"noopener\">Infografia datos oficiales actividad tur\u00edstica octubre 2016<\/a><\/p>\n","protected":false},"excerpt":{"rendered":"<p>El LABturisme de la Diputaci\u00f3n de Barcelona acaba de publicar los datos oficiales de la actividad tur\u00edstica del mes de octubre en el Entorno de Barcelona. Como ya es habitual, estos datos no incluyen la comarca del Barcelon\u00e8s y por lo tanto, tampoco de la ciudad de Barcelona. Estos indicadores tur\u00edsticos est\u00e1n disponibles a trav\u00e9s &hellip;<\/p>\n","protected":false},"author":1,"featured_media":0,"comment_status":"closed","ping_status":"open","sticky":false,"template":"","format":"standard","meta":[],"categories":[74],"tags":[],"_links":{"self":[{"href":"https:\/\/www.comunicatur.info\/es\/wp-json\/wp\/v2\/posts\/9470"}],"collection":[{"href":"https:\/\/www.comunicatur.info\/es\/wp-json\/wp\/v2\/posts"}],"about":[{"href":"https:\/\/www.comunicatur.info\/es\/wp-json\/wp\/v2\/types\/post"}],"author":[{"embeddable":true,"href":"https:\/\/www.comunicatur.info\/es\/wp-json\/wp\/v2\/users\/1"}],"replies":[{"embeddable":true,"href":"https:\/\/www.comunicatur.info\/es\/wp-json\/wp\/v2\/comments?post=9470"}],"version-history":[{"count":1,"href":"https:\/\/www.comunicatur.info\/es\/wp-json\/wp\/v2\/posts\/9470\/revisions"}],"predecessor-version":[{"id":9471,"href":"https:\/\/www.comunicatur.info\/es\/wp-json\/wp\/v2\/posts\/9470\/revisions\/9471"}],"wp:attachment":[{"href":"https:\/\/www.comunicatur.info\/es\/wp-json\/wp\/v2\/media?parent=9470"}],"wp:term":[{"taxonomy":"category","embeddable":true,"href":"https:\/\/www.comunicatur.info\/es\/wp-json\/wp\/v2\/categories?post=9470"},{"taxonomy":"post_tag","embeddable":true,"href":"https:\/\/www.comunicatur.info\/es\/wp-json\/wp\/v2\/tags?post=9470"}],"curies":[{"name":"wp","href":"https:\/\/api.w.org\/{rel}","templated":true}]}}