{"id":9464,"date":"2016-12-23T00:00:33","date_gmt":"2016-12-22T23:00:33","guid":{"rendered":"https:\/\/comunicatur.info\/?p=9464"},"modified":"2016-12-29T11:18:04","modified_gmt":"2016-12-29T10:18:04","slug":"los-premios-g-2016-co","status":"publish","type":"post","link":"https:\/\/www.comunicatur.info\/es\/los-premios-g-2016-co\/","title":{"rendered":"Los Premios G! 2016, conmemoran tambi\u00e9n el 40 aniversario del Patronato de Turismo Costa Brava Girona"},"content":{"rendered":"<p>La gran fiesta del turismo de Girona, que organiza el patronato de Turismo Costas Brava Girona, se ha celebrado en el Auditori Palau de Congressos de Girona. Este a\u00f1o los premios han llegado a la onceava edici\u00f3n, pero este a\u00f1o, adem\u00e1s, han coincidido con el cuarenta aniversario del Patronato.<\/p>\n<p><!--more--><\/p>\n<figure id=\"attachment_9457\" aria-describedby=\"caption-attachment-9457\" style=\"width: 216px\" class=\"wp-caption alignright\"><a href=\"https:\/\/www.comunicatur.info\/wp-content\/uploads\/2016\/12\/autoritatsGI.jpg\"><img class=\"size-medium wp-image-9457\" alt=\"Foto: Iconna\" src=\"https:\/\/www.comunicatur.info\/wp-content\/uploads\/2016\/12\/autoritatsGI-216x300.jpg\" width=\"216\" height=\"300\" srcset=\"https:\/\/www.comunicatur.info\/wp-content\/uploads\/2016\/12\/autoritatsGI-216x300.jpg 216w, https:\/\/www.comunicatur.info\/wp-content\/uploads\/2016\/12\/autoritatsGI.jpg 366w\" sizes=\"(max-width: 216px) 100vw, 216px\" \/><\/a><figcaption id=\"caption-attachment-9457\" class=\"wp-caption-text\">Foto: Iconna<\/figcaption><\/figure>\n<p>Fiesta grande, por lo tanto y por ello, m\u00e1s de quinientas personas asistieron, bajo la presidencia del presidente de la Generalitat de Catalunya, Carles Puigdemont.<\/p>\n<p>Puigdemont glos\u00f3 la importancia del turismo en Catalu\u00f1a y lo defini\u00f3 como \u201cnuestro aliado para salir de la crisis, a pesar que, en ocasiones, se lo quiera vulgarizar\u201d. Tambi\u00e9n dijo que \u201ccontamos con uno de los modelos tur\u00edsticos m\u00e1s ejemplares del mundo que otros pa\u00edses con mayor poblaci\u00f3n y m\u00e1s recursos querr\u00edan tener\u201d para acabar resaltando que \u201clo que pasa en este pedazo de mundo interesa, es copiado y se pone de ejemplo de buenas pr\u00e1cticas\u201d.<\/p>\n<p><b>40 aniversario del Patronato de Turismo Costa Brava Girona y reconocimiento para Marian Muro<br \/>\n<\/b>En su turno de palabra, el presidente de la Diputaci\u00f3n de Girona y del Patronato, Pere Vila, felicit\u00f3 a los impulsores y fundadores del Patronato de Turismo, diciendo que \u201cfue una gente que crey\u00f3 en el turismo y en el territorio y que apost\u00f3 por fomentar la relaci\u00f3n entre sector p\u00fablico y privado hace cuarenta a\u00f1os, en base a la autoconfianza, la fe y el trabajo conjunto\u201d. Hizo un repaso a los principales hitos conseguidos durante estos a\u00f1os\u00a0 e introdujo algunas de las acciones estrat\u00e9gicas del pr\u00f3ximo a\u00f1o.<\/p>\n<p>En el transcurso de la ceremonia tambi\u00e9n se quiso reconocer el trabajo realizado por Marian Muro, directora general de Turismo de la Generalitat de Catalu\u00f1a de enero de 2011 a julio de 2016. <b><\/b><\/p>\n<p><b>Relaci\u00f3n de premiados:<\/b><br \/>\nLos Premios G! de las comarcas de Girona son unos galardones de turismo que el Patronato de Turismo Costa Brava Girona de la Diputaci\u00f3n de Girona impulsa, organiza y celebra desde hace once a\u00f1os de manera consecutiva y que en cada edici\u00f3n van adquiriendo notoriedad y estima en el sector. Son premios de car\u00e1cter anual que actualmente se componen de tres categor\u00edas y dos premios especiales.<\/p>\n<p>La relaci\u00f3n de los galardonados con los Premios G! 2016 es la siguiente:<b> <\/b><\/p>\n<figure id=\"attachment_9454\" aria-describedby=\"caption-attachment-9454\" style=\"width: 300px\" class=\"wp-caption alignleft\"><a href=\"https:\/\/www.comunicatur.info\/wp-content\/uploads\/2016\/12\/PremisGI_PREMIATS_16.jpg\"><img class=\"size-medium wp-image-9454 \" alt=\"Foto: Iconna\" src=\"https:\/\/www.comunicatur.info\/wp-content\/uploads\/2016\/12\/PremisGI_PREMIATS_16-300x199.jpg\" width=\"300\" height=\"199\" srcset=\"https:\/\/www.comunicatur.info\/wp-content\/uploads\/2016\/12\/PremisGI_PREMIATS_16-300x199.jpg 300w, https:\/\/www.comunicatur.info\/wp-content\/uploads\/2016\/12\/PremisGI_PREMIATS_16-1024x682.jpg 1024w, https:\/\/www.comunicatur.info\/wp-content\/uploads\/2016\/12\/PremisGI_PREMIATS_16-600x399.jpg 600w\" sizes=\"(max-width: 300px) 100vw, 300px\" \/><\/a><figcaption id=\"caption-attachment-9454\" class=\"wp-caption-text\">Foto: Iconna<\/figcaption><\/figure>\n<p><b>&#8211; <\/b>XI Premio G! Josep Pujol i Aul\u00ed a la tarea profesional para <b>Josep Su\u00f1\u00e9 i Sabad\u00ed<\/b>\u00a0 (<strong>camping Las Dunas de Sant Pere Pescador y camping\u00a0 L\u2019Escala, de l\u2019Escala).<\/strong><\/p>\n<p>&#8211; XI Premio G! Xiquet Sabater al proyecto empresarial para el <b>Institut de Promoci\u00f3 Econ\u00f2mica de Palafrugell (IPEP)<\/b>. Por la organizaci\u00f3n de la <strong>Cantada de habaneras de Calella de Palafrugell<\/strong><b>,<\/b> que este a\u00f1o conmemora su 50 aniversario.<\/p>\n<p>&#8211; V Premio G! especial Jordi Comas i Matamala para <b>Denis O\u2019Brien<\/b>, <strong>propietario del Resort Catalonia del PGA de Caldes de Malavella<\/strong>. Se le reconoce la labor profesional y su b\u00fasqueda constante de la excelencia en el \u00e1mbito del golf y el alojamiento.<\/p>\n<p>&#8211; II Premio G! especial Juli Soler i Lobo para el <b>\u00a0Institut Escola d\u2019Hostaleria i Turisme de Girona<\/b>. En reconocimiento a su trayectoria docente en el \u00e1mbito de la formaci\u00f3n de profesionales de la restauraci\u00f3n y la hosteler\u00eda los \u00faltimos 50 a\u00f1os.<\/p>\n<p>&#8211; XI Premio G! de comunicaci\u00f3n de les comarcas de Girona, en la categor\u00eda de medios escritos, para el periodista <b>Salvador Garcia-Arb\u00f3s<\/b>\u00a0 y para el fot\u00f3grafo <b>Roberto Ivan Cano<\/b>, por el reportaje \u00a0\u00abGirona, y los sentidos despertaron\u00bb, publicado en la revista\u00a0<i>Club +Renfe.<\/i><\/p>\n<p>&#8211; XI Premio G! de comunicaci\u00f3n de las comarcas de Girona en la categor\u00eda de medios audiovisuales, para\u00a0 <b>Viktoriia Garmashova<\/b> por la serie de cuatro cap\u00edtulos del programa de la televisi\u00f3n rusa\u00a0<i>Turismo y viajes<\/i>, emitido por Samara TV.<\/p>\n<p>&#8211; V Premio G! de comunicaci\u00f3n de las comarcas de Girona en la categor\u00eda de medios digitales, para la bloguera portuguesa <b>Sofia Vasconcelos<\/b>, por el trabajo digital \u00abOne week in Costa Brava, a guide for families\u00bb, publicado en el blog\u00a0<i>From Madeira to Mars.<\/i><\/p>\n<p>&#8211; I Premio G! de comunicaci\u00f3n de las comarcas de Girona, en la categor\u00eda de medios audiovisuales digitales, para el periodista y bloguero <b>Paco Nadal <\/b>por el v\u00eddeo\u00a0<i>Un vuelo muy especial sobre la Costa Brava<\/i>, publicado en el canal <i>Paco Nadal, Supongo<\/i>, de YouTube.<br \/>\nEste premio es el primer a\u00f1o que se otorga. Esta nueva categor\u00eda dentro de los premios de comunicaci\u00f3n, se ha incorporado para ampliar las nuevas plataformas de difusi\u00f3n.<\/p>\n<p>&#8211; VII Premio G! de investigaci\u00f3n Yvette Barbaza al mejor trabajo de investigaci\u00f3n por la propuesta de proyecto titulado \u00abGirona, tierra memorial\u00bb, de <b>David Gonz\u00e1lez y Ferran Riera<\/b>. Se trata de una investigaci\u00f3n que propone identificar, valorar y posicionar el patrimonio memorial de la demarcaci\u00f3n con el objetivo de potenciar el turismo cultural de la Costa Brava y el Pirineo de Girona.<\/p>\n","protected":false},"excerpt":{"rendered":"<p>La gran fiesta del turismo de Girona, que organiza el patronato de Turismo Costas Brava Girona, se ha celebrado en el Auditori Palau de Congressos de Girona. Este a\u00f1o los premios han llegado a la onceava edici\u00f3n, pero este a\u00f1o, adem\u00e1s, han coincidido con el cuarenta aniversario del Patronato. Fiesta grande, por lo tanto y &hellip;<\/p>\n","protected":false},"author":1,"featured_media":0,"comment_status":"closed","ping_status":"open","sticky":false,"template":"","format":"standard","meta":[],"categories":[62],"tags":[],"_links":{"self":[{"href":"https:\/\/www.comunicatur.info\/es\/wp-json\/wp\/v2\/posts\/9464"}],"collection":[{"href":"https:\/\/www.comunicatur.info\/es\/wp-json\/wp\/v2\/posts"}],"about":[{"href":"https:\/\/www.comunicatur.info\/es\/wp-json\/wp\/v2\/types\/post"}],"author":[{"embeddable":true,"href":"https:\/\/www.comunicatur.info\/es\/wp-json\/wp\/v2\/users\/1"}],"replies":[{"embeddable":true,"href":"https:\/\/www.comunicatur.info\/es\/wp-json\/wp\/v2\/comments?post=9464"}],"version-history":[{"count":2,"href":"https:\/\/www.comunicatur.info\/es\/wp-json\/wp\/v2\/posts\/9464\/revisions"}],"predecessor-version":[{"id":9466,"href":"https:\/\/www.comunicatur.info\/es\/wp-json\/wp\/v2\/posts\/9464\/revisions\/9466"}],"wp:attachment":[{"href":"https:\/\/www.comunicatur.info\/es\/wp-json\/wp\/v2\/media?parent=9464"}],"wp:term":[{"taxonomy":"category","embeddable":true,"href":"https:\/\/www.comunicatur.info\/es\/wp-json\/wp\/v2\/categories?post=9464"},{"taxonomy":"post_tag","embeddable":true,"href":"https:\/\/www.comunicatur.info\/es\/wp-json\/wp\/v2\/tags?post=9464"}],"curies":[{"name":"wp","href":"https:\/\/api.w.org\/{rel}","templated":true}]}}