{"id":9428,"date":"2016-12-30T00:00:10","date_gmt":"2016-12-29T23:00:10","guid":{"rendered":"https:\/\/comunicatur.info\/?p=9428"},"modified":"2016-12-30T09:37:45","modified_gmt":"2016-12-30T08:37:45","slug":"ranking-de-las-noticias-mas-leidas-en-2016","status":"publish","type":"post","link":"https:\/\/www.comunicatur.info\/es\/ranking-de-las-noticias-mas-leidas-en-2016\/","title":{"rendered":"Ranking de las noticias m\u00e1s le\u00eddas en 2016"},"content":{"rendered":"<p>\u00bfCu\u00e1les han sido las informaciones que m\u00e1s han interesado a los profesionales del turismo durante el 2016? Estas son las noticias m\u00e1s le\u00eddas en Comunicatur, mes a mes.<\/p>\n<p><!--more--><em><strong>Enero<\/strong><\/em>: <a title=\"Crisis de confianza entre Ayuntamiento y Turismo de Barcelona\" href=\"https:\/\/www.comunicatur.info\/es\/crisis-de-confianza-entre-ayuntamiento-y-turismo-de-barcelona\/\" target=\"_blank\">Crisis de confianza entre Ayuntamiento y Turismo de Barcelona<\/a><br \/>\nAt\u00f3nito est\u00e1 el sector despu\u00e9s de ver la incomunicaci\u00f3n que parece existir entre el Ayuntamiento de Barcelona y el consorcio de promoci\u00f3n tur\u00edstica de la ciudad. Las declaraciones del concejal de turismo, Agust\u00ed Colom, denunciando el desconocimiento de las decisiones que toma Turismo de Barcelona, \u200b\u200bdel que es vicepresidente, han abierto una herida entre los responsables p\u00fablicos y los privados en este organismo.<\/p>\n<p><em><strong>Febrero<\/strong><\/em>: <a title=\"Fraude en la recaudaci\u00f3n de la tasa tur\u00edstica catalana\" href=\"https:\/\/www.comunicatur.info\/es\/fraude-en-la-recaudacion-de-la-tasa-turistica-catalana\/\" target=\"_blank\">Fraude en la recaudaci\u00f3n de la tasa tur\u00edstica catalana<\/a><br \/>\nEl secretario de Econom\u00eda de la Generalitat de Catalu\u00f1a, Pere Aragon\u00e9s, ha desvelado que en el impuesto tur\u00edstico \u00abes uno de los \u00e1mbitos en los que hay m\u00e1s fraude fiscal\u00bb y ha anunciado que \u00abtendremos que hacer m\u00e1s inspecciones\u00bb.<\/p>\n<p><em><strong>Marzo<\/strong><\/em>: <a title=\"Los atentados de Bruselas golpean el turismo\" href=\"https:\/\/www.comunicatur.info\/es\/los-atentados-de-bruselas-golpean-el-turismo\/\" target=\"_blank\">Los atentados de Bruselas golpean el turismo<\/a><br \/>\nLas decenas de muertos del atentado en la capital belga provocan una crisis tur\u00edstica en Europa. La amenaza terrorista aumenta los niveles de alerta con m\u00e1s controles en aeropuertos y fronteras que afectan a la movilidad. Las empresas hoteleras y las aeron\u00e1uticas sufrieron de inmediato una ca\u00edda en la bolsa.<\/p>\n<p><em><strong>Abril<\/strong><\/em>: <a title=\"Un macrocomplejo tur\u00edstico en el Circuito de Montmel\u00f3\" href=\"https:\/\/www.comunicatur.info\/es\/un-macrocomplejo-turistico-en-el-circuito-de-montmelo\/\" target=\"_blank\">Un macrocomplejo tur\u00edstico en el Circuito de Montmel\u00f3<\/a><br \/>\nEl Circuito de Catalu\u00f1a, que acoge cada a\u00f1o las pruebas mundiales de F\u00f3rmula1 y de motociclismo, podr\u00eda convertirse en un complejo de ocio con resorts tur\u00edsticos y espacios comerciales.<\/p>\n<p><em><strong>Mayo<\/strong><\/em>: <a title=\"Modificar\u00e1n la tasa tur\u00edstica catalana para recaudar m\u00e1s\" href=\"https:\/\/www.comunicatur.info\/es\/modificaran-la-tasa-turistica-catalana-para-recaudar-mas\/\" target=\"_blank\">Modificar\u00e1n la tasa tur\u00edstica catalana para recaudar m\u00e1s<\/a><br \/>\nLos presupuestos catalanes contemplan modificar la tasa tur\u00edstica catalana para elevar los ingresos que genera este impuesto. Aumentar el tipo y ampliar los conceptos que tributen son dos de las l\u00edneas de trabajo.<\/p>\n<p><em><strong>Junio<\/strong><\/em>: <a title=\"Las TIC en el turismo est\u00e1n revolucionando al sector\" href=\"https:\/\/www.comunicatur.info\/es\/las-tic-en-el-turismo-estan-revolucionando-al-sector\/\" target=\"_blank\">Las TIC en el turismo est\u00e1n revolucionando el sector<\/a><br \/>\nLas tecnolog\u00edas aplicadas al turismo est\u00e1n haciendo crecer al sector y tienen una importancia clave para su desarrollo. Los dispositivos m\u00f3viles ya son el elemento central para los turistas y todo pasar\u00e1 por estos aparatos.<\/p>\n<p><em><strong>Julio<\/strong><\/em>: <a title=\"Octavi Bono toma el relevo de Marian Muro al frente de la direcci\u00f3n general de Turismo de Catalu\u00f1a\" href=\"https:\/\/www.comunicatur.info\/es\/octavi-bono-toma-el-relevo-de-marian-muro-al-frente-de-la-direccion-general-de-turismo-de-cataluna\/\" target=\"_blank\">Octavi Bono toma el relevo de Marian Muro al frente de la direcci\u00f3n general de Turismo de Catalu\u00f1a<\/a><br \/>\nEl hasta ahora gerente del Patronato de Turismo de la Diputaci\u00f3n de Tarragona, Octavi Bono, ser\u00e1 el nuevo director general de Turismo de la Generalidad de Catalu\u00f1a. Marian Muro, que ha ocupado el cargo durante cinco a\u00f1os y medio, vuelve al sector privado dejando una fuerte huella.<\/p>\n<p><em><strong>Agosto<\/strong><\/em>: <a title=\"La Sagrada Familia es uno de los iconos tur\u00edsticos amenazados por el terrorismo\" href=\"https:\/\/www.comunicatur.info\/es\/la-sagrada-familia-es-uno-de-los-iconos-turisticos-amenazados-por-el-terrorismo\/\" target=\"_blank\">La Sagrada Familia es uno de los iconos tur\u00edsticos amenazados por el terrorismo<\/a><br \/>\nLos terroristas de Estado Isl\u00e1mico contin\u00faan con su campa\u00f1a de amenazas y ha realizado un v\u00eddeo donde fijan como objetivos espacios tur\u00edsticos emblem\u00e1ticos del mundo occidental.<\/p>\n<p><em><strong>Septiembre<\/strong><\/em>: <a title=\"Los campings catalanes en peligro al estar situados en zonas inundables\" href=\"https:\/\/www.comunicatur.info\/es\/los-campings-catalanes-en-peligro-al-estar-situados-en-zonas-inundables\/\" target=\"_blank\">Los campings catalanes en peligro al estar situados en zonas inundables<\/a><br \/>\nUn gran n\u00famero de campings de Catalu\u00f1a tienen una situaci\u00f3n urban\u00edstica irregular al estar situados en zona inundable y tendr\u00e1n que hacer un plan especial para regular su actividad.<\/p>\n<p><em><strong>Octubre<\/strong><\/em>: <a title=\"Los gu\u00edas tur\u00edsticos estar\u00e1n regulados en la ciudad de Barcelona\" href=\"https:\/\/www.comunicatur.info\/es\/los-guias-turisticos-estaran-regulados-en-la-ciudad-de-barcelona\/\" target=\"_blank\">Los gu\u00edas tur\u00edsticos estar\u00e1n regulados en la ciudad de Barcelona<\/a><br \/>\nEl Ayuntamiento de Barcelona ordenar\u00e1 la actividad de gu\u00edas en la ciudad. Pedir\u00e1 una licencia por ocupaci\u00f3n del espacio p\u00fablico.<\/p>\n<p><em><strong>Noviembre<\/strong><\/em>: <a title=\"Catalu\u00f1a realiza uno de los mejores marketing tur\u00edsticos del mundo\" href=\"https:\/\/www.comunicatur.info\/es\/cataluna-realiza-uno-de-los-mejores-marketing-turisticos-del-mundo\/\" target=\"_blank\">Catalu\u00f1a hace uno de los mejores marketing tur\u00edstico del mundo<\/a><br \/>\nEn el \u00faltimo a\u00f1o la estrategia de marketing del destino tur\u00edstico &#8216;Catalu\u00f1a&#8217; est\u00e1 recibiendo varios reconocimientos internacionales. S\u00f3lo en una semana ha recibido hasta tres distinciones que la sit\u00faan como la mejor del mundo en marketing tur\u00edstico deportivo, gastron\u00f3mico y de turismo sostenible.<\/p>\n<p><em><strong>Diciembre<\/strong><\/em>: <a title=\"Airbnb gana la batalla legal en Catalu\u00f1a\" href=\"https:\/\/www.comunicatur.info\/es\/airbnb-gana-la-batalla-legal-en-cataluna\/\" target=\"_blank\">Airbnb gana la batalla legal en Catalu\u00f1a<\/a><br \/>\nLa justicia ha estimado la reclamaci\u00f3n de Airbnb contra la sanci\u00f3n de 30.000 euros que le impuso la Generalidad de Catalu\u00f1a por comercializar alojamientos ilegales. Fue la primera sanci\u00f3n a nivel mundial que una administraci\u00f3n impon\u00eda a la plataforma.<\/p>\n","protected":false},"excerpt":{"rendered":"<p>\u00bfCu\u00e1les han sido las informaciones que m\u00e1s han interesado a los profesionales del turismo durante el 2016? Estas son las noticias m\u00e1s le\u00eddas en Comunicatur, mes a mes. Enero: Crisis de confianza entre Ayuntamiento y Turismo de Barcelona At\u00f3nito est\u00e1 el sector despu\u00e9s de ver la incomunicaci\u00f3n que parece existir entre el Ayuntamiento de Barcelona &hellip;<\/p>\n","protected":false},"author":1,"featured_media":0,"comment_status":"closed","ping_status":"open","sticky":false,"template":"","format":"standard","meta":[],"categories":[73],"tags":[],"_links":{"self":[{"href":"https:\/\/www.comunicatur.info\/es\/wp-json\/wp\/v2\/posts\/9428"}],"collection":[{"href":"https:\/\/www.comunicatur.info\/es\/wp-json\/wp\/v2\/posts"}],"about":[{"href":"https:\/\/www.comunicatur.info\/es\/wp-json\/wp\/v2\/types\/post"}],"author":[{"embeddable":true,"href":"https:\/\/www.comunicatur.info\/es\/wp-json\/wp\/v2\/users\/1"}],"replies":[{"embeddable":true,"href":"https:\/\/www.comunicatur.info\/es\/wp-json\/wp\/v2\/comments?post=9428"}],"version-history":[{"count":1,"href":"https:\/\/www.comunicatur.info\/es\/wp-json\/wp\/v2\/posts\/9428\/revisions"}],"predecessor-version":[{"id":9429,"href":"https:\/\/www.comunicatur.info\/es\/wp-json\/wp\/v2\/posts\/9428\/revisions\/9429"}],"wp:attachment":[{"href":"https:\/\/www.comunicatur.info\/es\/wp-json\/wp\/v2\/media?parent=9428"}],"wp:term":[{"taxonomy":"category","embeddable":true,"href":"https:\/\/www.comunicatur.info\/es\/wp-json\/wp\/v2\/categories?post=9428"},{"taxonomy":"post_tag","embeddable":true,"href":"https:\/\/www.comunicatur.info\/es\/wp-json\/wp\/v2\/tags?post=9428"}],"curies":[{"name":"wp","href":"https:\/\/api.w.org\/{rel}","templated":true}]}}