{"id":9393,"date":"2016-12-14T00:00:57","date_gmt":"2016-12-13T23:00:57","guid":{"rendered":"https:\/\/comunicatur.info\/?p=9393"},"modified":"2016-12-12T13:34:50","modified_gmt":"2016-12-12T12:34:50","slug":"airbnb-gana-la-batalla-legal-en-cataluna","status":"publish","type":"post","link":"https:\/\/www.comunicatur.info\/es\/airbnb-gana-la-batalla-legal-en-cataluna\/","title":{"rendered":"Airbnb gana la batalla legal en Catalu\u00f1a"},"content":{"rendered":"<p>La justicia ha estimado la reclamaci\u00f3n de Airbnb contra la sanci\u00f3n de 30.000 euros que le impuso la Generalitat de Catalunya por comercializar alojamientos ilegales. Fue la primera sanci\u00f3n a nivel mundial que una administraci\u00f3n impon\u00eda a la plataforma.<\/p>\n<p><!--more-->Un juzgado de Barcelona ha decidido anular la multa de julio de 2014 y los actos asociados en esa sanci\u00f3n que inclu\u00edan el cese de la actividad de alquiler de apartamentos sin licencia. El juez considera que Airbnb es \u00fanicamente responsable de la explotaci\u00f3n de la plataforma tecnol\u00f3gica \u201conline\u201d.<\/p>\n<p>Las tesis de la justicia coinciden con la estrategia de la compa\u00f1\u00eda que siempre ha defendido su papel como facilitador de la interconexi\u00f3n de particulares que quieren compartir su vivienda a cambio de un precio. Ahora parece que la Generalitat utilizar\u00e1 la v\u00eda del recurso contra esta decisi\u00f3n, seg\u00fan publica El Confidencial, ya que estima que la actividad de la plataforma es de prestaci\u00f3n de servicios tur\u00edsticos y debe cumplir con la normativa de turismo.<\/p>\n<p>El mazazo es grande para aquellos que aspiran a regular el sector de la econom\u00eda colaborativa y sus injerencias en la econom\u00eda convencional. La sentencia respalda en cierta medida la creaci\u00f3n de espacios alegales o virtuales que compiten con el sector reglado sin cumplir las mismas normas. Airbnb ha ganado una batalla muy importante al tumbar la que fue la primera sanci\u00f3n que recib\u00eda de una administraci\u00f3n en todo el mundo. A partir de ella, otros estamentos p\u00fablicos se animaron a limitar su expansi\u00f3n desordenada con medidas coercitivas.<\/p>\n<p>Recientemente, Airbnb ha llegado a un acuerdo con las autoridades neoyorquinas para que las sanciones que prev\u00e9 la nueva normativa de la ciudad recaigan sobre los propietarios y anunciantes de los viviendas tur\u00edsticas y no sobre la plataforma, seg\u00fan explica The New York Times.<\/p>\n","protected":false},"excerpt":{"rendered":"<p>La justicia ha estimado la reclamaci\u00f3n de Airbnb contra la sanci\u00f3n de 30.000 euros que le impuso la Generalitat de Catalunya por comercializar alojamientos ilegales. Fue la primera sanci\u00f3n a nivel mundial que una administraci\u00f3n impon\u00eda a la plataforma. Un juzgado de Barcelona ha decidido anular la multa de julio de 2014 y los actos &hellip;<\/p>\n","protected":false},"author":1,"featured_media":0,"comment_status":"closed","ping_status":"open","sticky":false,"template":"","format":"standard","meta":[],"categories":[66,61],"tags":[],"_links":{"self":[{"href":"https:\/\/www.comunicatur.info\/es\/wp-json\/wp\/v2\/posts\/9393"}],"collection":[{"href":"https:\/\/www.comunicatur.info\/es\/wp-json\/wp\/v2\/posts"}],"about":[{"href":"https:\/\/www.comunicatur.info\/es\/wp-json\/wp\/v2\/types\/post"}],"author":[{"embeddable":true,"href":"https:\/\/www.comunicatur.info\/es\/wp-json\/wp\/v2\/users\/1"}],"replies":[{"embeddable":true,"href":"https:\/\/www.comunicatur.info\/es\/wp-json\/wp\/v2\/comments?post=9393"}],"version-history":[{"count":1,"href":"https:\/\/www.comunicatur.info\/es\/wp-json\/wp\/v2\/posts\/9393\/revisions"}],"predecessor-version":[{"id":9394,"href":"https:\/\/www.comunicatur.info\/es\/wp-json\/wp\/v2\/posts\/9393\/revisions\/9394"}],"wp:attachment":[{"href":"https:\/\/www.comunicatur.info\/es\/wp-json\/wp\/v2\/media?parent=9393"}],"wp:term":[{"taxonomy":"category","embeddable":true,"href":"https:\/\/www.comunicatur.info\/es\/wp-json\/wp\/v2\/categories?post=9393"},{"taxonomy":"post_tag","embeddable":true,"href":"https:\/\/www.comunicatur.info\/es\/wp-json\/wp\/v2\/tags?post=9393"}],"curies":[{"name":"wp","href":"https:\/\/api.w.org\/{rel}","templated":true}]}}