{"id":9335,"date":"2016-12-15T00:00:44","date_gmt":"2016-12-14T23:00:44","guid":{"rendered":"https:\/\/comunicatur.info\/?p=9335"},"modified":"2016-12-16T10:25:23","modified_gmt":"2016-12-16T09:25:23","slug":"pals-tossa-y-el-paradigma-de-la-maquina-de-hormigon","status":"publish","type":"post","link":"https:\/\/www.comunicatur.info\/es\/pals-tossa-y-el-paradigma-de-la-maquina-de-hormigon\/","title":{"rendered":"Pals, Tossa y el paradigma de la m\u00e1quina de hormig\u00f3n"},"content":{"rendered":"<p><em>Por Marcel Forns Bernhardt: <\/em>Uno de los pocos aspectos positivos que ha provocado la crisis estos \u00faltimos a\u00f1os ha sido el par\u00f3n de la fiebre constructora en la costa y en los espacios m\u00e1s sensibles de nuestro territorio.\u00a0 En t\u00e9rminos generales podemos decir que existe un elevado consenso respecto de la elevada presi\u00f3n urban\u00edstica del litoral catal\u00e1n y de los riesgos de exponerlo a mayores niveles de saturaci\u00f3n. \u00a0Con una ocupaci\u00f3n del litoral cercana al 45%, Catalunya es la segunda Comunidad Aut\u00f3noma del Estado con menor superficie de costa \u201cnatural\u201d, por detr\u00e1s de la Comunidad Valenciana. De hecho, y a efectos de refrescar la memoria, conviene recordar que a la vista del estado del conjunto de la costa espa\u00f1ola, el informe Auken aprobado por el Parlamento Europeo en 2009, lleg\u00f3 a proponer la suspensi\u00f3n de cualquier plan urban\u00edstico nuevo, a la vez que suger\u00eda la interrupci\u00f3n de los fondos estructurales para Espa\u00f1a.<\/p>\n<p>Pese a ello, ahora que parecer\u00eda que la crisis ha quedado atr\u00e1s, observo con preocupaci\u00f3n c\u00f3mo algunos municipios de nuestro litoral empiezan a despertar de la larga hibernaci\u00f3n, dispuestos a volver a poner en marcha la m\u00e1quina de hormig\u00f3n, paradigma por excelencia de un modelo insostenible, consistente en un c\u00edrculo vicioso de permisos y licencias urban\u00edsticas. Un modelo que, por desgracia, hemos visto repetirse por doquier d\u00eda tras d\u00eda hasta la llegada de la crisis, como si del D\u00eda de la Marmota se tratara.<em><\/em><\/p>\n<p>As\u00ed, por ejemplo, el pasado 21 de octubre la prensa anunciaba el proyecto del municipio de Pals de construir en 2.440 \u00a0viviendas en segunda l\u00ednea de costa, en un espacio de alto valor ecol\u00f3gico y paisaj\u00edstico; hace un par de semanas el ayuntamiento de Tossa de Mar informaba acerca de la posibilidad de construir un puerto, un nuevo hotel y diversos chalets en un tramo de costa virgen, o m\u00e1s recientemente el municipio de Tarragona ha dado a conocer el proyecto de alzar 6000 nuevas viviendas en las inmediaciones de las playas de la Savinosa i Llarga. Todo ello tristes ejemplos de que, a diferencia del personaje encarnado por Bill Murray, nuestros actores no han aprendido nada de la experiencia pasada.<\/p>\n<p>La insistencia en la sobreocupaci\u00f3n del espacio litoral y de \u00a0las zonas de alto valor ambiental y paisaj\u00edstico \u00a0no s\u00f3lo supone su degradaci\u00f3n, sino que conlleva consecuencias econ\u00f3micas directas, en t\u00e9rminos de reducci\u00f3n de su atractivo para actividades terciarias como el turismo y, en la medida que parte de una visi\u00f3n cortoplacista y de un c\u00e1lculo err\u00f3neo de la demanda, est\u00e1 condenada a ampliar los excedentes de la oferta inmobiliaria existente.<\/p>\n<p>En los \u00faltimos a\u00f1os, la mayor parte de los sectores de la econom\u00eda han tenido que reinventarse para adaptarse a los nuevos escenarios econ\u00f3micos y a los cambios en las tendencias de consumo. Los sectores de la construcci\u00f3n e inmobiliario no ser\u00e1n una excepci\u00f3n. El mundo del\u00a0 2016 tiene poco que ver con el que conocimos en 2007 y los proyectos en cuesti\u00f3n no son sino la reproducci\u00f3n de las viejas pol\u00edticas urban\u00edsticas, por mucho que las disfracemos con los calificativos de bajo impacto ambiental y alto standing.<\/p>\n<p>La protecci\u00f3n del territorio exige visi\u00f3n a largo plazo, orientada al bien com\u00fan y alejada de las presiones e intereses que a menudo contaminan las pol\u00edticas locales; en definitiva, una visi\u00f3n de pa\u00eds avanzado. Hablar hoy de moratorias quiz\u00e1s no suene bien, pero lo cierto es que en materia de conservaci\u00f3n de espacios sensibles, y en particular en lo que respecta a los proyectos urban\u00edsticos en el litoral, hace a\u00f1os que debi\u00e9ramos haber aprobado, sin ning\u00fan tipo de rubor, una moratoria generalizada.<\/p>\n<p><em><strong><a href=\"https:\/\/www.comunicatur.info\/wp-content\/uploads\/2016\/11\/fotoMarcel_Forns_-2016.jpg\"><img class=\"alignleft  wp-image-9331\" alt=\"fotomarcel_forns_-2016\" src=\"https:\/\/www.comunicatur.info\/wp-content\/uploads\/2016\/11\/fotoMarcel_Forns_-2016-284x300.jpg\" width=\"170\" height=\"180\" srcset=\"https:\/\/www.comunicatur.info\/wp-content\/uploads\/2016\/11\/fotoMarcel_Forns_-2016-284x300.jpg 284w, https:\/\/www.comunicatur.info\/wp-content\/uploads\/2016\/11\/fotoMarcel_Forns_-2016.jpg 304w\" sizes=\"(max-width: 170px) 100vw, 170px\" \/><\/a>Marcel Forns Bernhardt<\/strong><\/em><\/p>\n<p><em><strong>exdirector de Turismo de Catalunya<\/strong><\/em><\/p>\n","protected":false},"excerpt":{"rendered":"<p>Por Marcel Forns Bernhardt: Uno de los pocos aspectos positivos que ha provocado la crisis estos \u00faltimos a\u00f1os ha sido el par\u00f3n de la fiebre constructora en la costa y en los espacios m\u00e1s sensibles de nuestro territorio.\u00a0 En t\u00e9rminos generales podemos decir que existe un elevado consenso respecto de la elevada presi\u00f3n urban\u00edstica del &hellip;<\/p>\n","protected":false},"author":1,"featured_media":0,"comment_status":"closed","ping_status":"open","sticky":false,"template":"","format":"standard","meta":[],"categories":[73],"tags":[],"_links":{"self":[{"href":"https:\/\/www.comunicatur.info\/es\/wp-json\/wp\/v2\/posts\/9335"}],"collection":[{"href":"https:\/\/www.comunicatur.info\/es\/wp-json\/wp\/v2\/posts"}],"about":[{"href":"https:\/\/www.comunicatur.info\/es\/wp-json\/wp\/v2\/types\/post"}],"author":[{"embeddable":true,"href":"https:\/\/www.comunicatur.info\/es\/wp-json\/wp\/v2\/users\/1"}],"replies":[{"embeddable":true,"href":"https:\/\/www.comunicatur.info\/es\/wp-json\/wp\/v2\/comments?post=9335"}],"version-history":[{"count":3,"href":"https:\/\/www.comunicatur.info\/es\/wp-json\/wp\/v2\/posts\/9335\/revisions"}],"predecessor-version":[{"id":9404,"href":"https:\/\/www.comunicatur.info\/es\/wp-json\/wp\/v2\/posts\/9335\/revisions\/9404"}],"wp:attachment":[{"href":"https:\/\/www.comunicatur.info\/es\/wp-json\/wp\/v2\/media?parent=9335"}],"wp:term":[{"taxonomy":"category","embeddable":true,"href":"https:\/\/www.comunicatur.info\/es\/wp-json\/wp\/v2\/categories?post=9335"},{"taxonomy":"post_tag","embeddable":true,"href":"https:\/\/www.comunicatur.info\/es\/wp-json\/wp\/v2\/tags?post=9335"}],"curies":[{"name":"wp","href":"https:\/\/api.w.org\/{rel}","templated":true}]}}