{"id":9290,"date":"2016-11-24T00:00:26","date_gmt":"2016-11-23T22:00:26","guid":{"rendered":"https:\/\/comunicatur.info\/?p=9290"},"modified":"2016-11-22T15:04:55","modified_gmt":"2016-11-22T13:04:55","slug":"el-sector-ya-puede-prepararse-para-pagar-mas-tasa-turistica","status":"publish","type":"post","link":"https:\/\/www.comunicatur.info\/es\/el-sector-ya-puede-prepararse-para-pagar-mas-tasa-turistica\/","title":{"rendered":"El sector ya puede prepararse para pagar m\u00e1s tasa tur\u00edstica"},"content":{"rendered":"<p>Los presupuestos de la Generalidad ya contemplan una subida del importe de la tasa tur\u00edstica en el 2017. La propuesta supone incrementar las cuant\u00edas en las diferentes categor\u00edas y en todo el territorio.<\/p>\n<p><!--more-->Barcelona ser\u00eda quien concentrar\u00eda una mayor subida fruto de la presi\u00f3n realizada por el ayuntamiento que reclama m\u00e1s recursos para paliar los efectos negativos que la actividad tur\u00edstica ocasiona en la ciudad. Los apartamentos y los cruceros ser\u00e1n los m\u00e1s afectados en esta modificaci\u00f3n de la tasa tur\u00edstica catalana. Se ampl\u00eda el n\u00famero de cruceros que tendr\u00e1n que pagar. Se graba con 0,65 euros por crucerista las estancias de menos de 12 horas, que hasta ahora, estaban excluidas, y 2,25 euros por m\u00e1s de 12 horas.<\/p>\n<p>Como ya hab\u00eda anunciado Comunicatur en el mes de abril la intenci\u00f3n del gobierno era <a title=\"Modificar\u00e1n la tasa tur\u00edstica catalana para recaudar m\u00e1s\" href=\"https:\/\/www.comunicatur.info\/es\/modificaran-la-tasa-turistica-catalana-para-recaudar-mas\/\" target=\"_blank\">Modificar la tasa tur\u00edstica catalana para recaudar m\u00e1s<\/a>. Con la suspensi\u00f3n de la aprobaci\u00f3n general de los presupuestos la medida no se lleg\u00f3 a aprobar pero ya en el mes de septiembre todos los indicios apuntaban a esta subida. <a title=\"Preparados para incrementar la tasa tur\u00edstica catalana\" href=\"https:\/\/www.comunicatur.info\/es\/preparados-para-incrementar-la-tasa-turistica-catalana\/\" target=\"_blank\">Preparados para incrementar la tasa tur\u00edstica catalana<\/a> era el titular de la informaci\u00f3n que nuestro portal publicaba para alertar de la situaci\u00f3n. La disputa de las administraciones por hacerse con m\u00e1s ingresos de la recaudaci\u00f3n del impuesto tur\u00edstico pod\u00eda forzarlo. Desde la administraci\u00f3n, el consejero de Empresa y Conocimiento, Jordi Baiget, responsable de turismo, manifest\u00f3 que cualquier cambio ser\u00eda \u00abde forma consensuada entre el sector y las administraciones\u00bb.<\/p>\n<p>Ahora la ley de presupuestos incorpora un aumento que el sector no ve con buenos ojos. Las asociaciones de apartamentos tur\u00edsticos Apartur y Federatur han anunciado que denunciar\u00e1n a la Generalitat si sale adelante el aumento de la tasa tur\u00edstica. Podr\u00eda afectar s\u00f3lo a los apartamentos tur\u00edsticos y el sector lo considera una discriminaci\u00f3n porque equiparar\u00eda a los apartamentos a los hoteles de lujo en la ciudad de Barcelona. El aumento propuesto en la capital catalana, seg\u00fan Apartur, pasa de 0,65 euros a 2,25 euros por persona y noche, y en el resto de Catalu\u00f1a de 0,45 a 0,90 euros.<\/p>\n<p>Por su parte, Airbnb ve positivas las novedades introducidas en el impuesto porque introduce una figura de asistente a la recaudaci\u00f3n, que permite a los intermediarios como ellos cobrar y liquidar la tasa. Esta f\u00f3rmula ya existe en otras ciudades del mundo y Airbnb quer\u00eda llevarla tambi\u00e9n a Catalu\u00f1a. La plataforma <a title=\"Airbnb aport\u00f3 a Par\u00eds 5,5 millones en concepto de impuesto tur\u00edstico\" href=\"https:\/\/www.comunicatur.info\/es\/airbnb-aporto-a-paris-55-millones-en-concepto-de-impuesto-turistico\/\" target=\"_blank\">Airbnb inform\u00f3 que hab\u00eda abonado al Ayuntamiento de Par\u00eds hasta 5,5 millones de euros por el impuesto tur\u00edstico en un a\u00f1o<\/a>.<\/p>\n","protected":false},"excerpt":{"rendered":"<p>Los presupuestos de la Generalidad ya contemplan una subida del importe de la tasa tur\u00edstica en el 2017. La propuesta supone incrementar las cuant\u00edas en las diferentes categor\u00edas y en todo el territorio. Barcelona ser\u00eda quien concentrar\u00eda una mayor subida fruto de la presi\u00f3n realizada por el ayuntamiento que reclama m\u00e1s recursos para paliar los &hellip;<\/p>\n","protected":false},"author":1,"featured_media":0,"comment_status":"closed","ping_status":"open","sticky":false,"template":"","format":"standard","meta":[],"categories":[62,73],"tags":[],"_links":{"self":[{"href":"https:\/\/www.comunicatur.info\/es\/wp-json\/wp\/v2\/posts\/9290"}],"collection":[{"href":"https:\/\/www.comunicatur.info\/es\/wp-json\/wp\/v2\/posts"}],"about":[{"href":"https:\/\/www.comunicatur.info\/es\/wp-json\/wp\/v2\/types\/post"}],"author":[{"embeddable":true,"href":"https:\/\/www.comunicatur.info\/es\/wp-json\/wp\/v2\/users\/1"}],"replies":[{"embeddable":true,"href":"https:\/\/www.comunicatur.info\/es\/wp-json\/wp\/v2\/comments?post=9290"}],"version-history":[{"count":1,"href":"https:\/\/www.comunicatur.info\/es\/wp-json\/wp\/v2\/posts\/9290\/revisions"}],"predecessor-version":[{"id":9291,"href":"https:\/\/www.comunicatur.info\/es\/wp-json\/wp\/v2\/posts\/9290\/revisions\/9291"}],"wp:attachment":[{"href":"https:\/\/www.comunicatur.info\/es\/wp-json\/wp\/v2\/media?parent=9290"}],"wp:term":[{"taxonomy":"category","embeddable":true,"href":"https:\/\/www.comunicatur.info\/es\/wp-json\/wp\/v2\/categories?post=9290"},{"taxonomy":"post_tag","embeddable":true,"href":"https:\/\/www.comunicatur.info\/es\/wp-json\/wp\/v2\/tags?post=9290"}],"curies":[{"name":"wp","href":"https:\/\/api.w.org\/{rel}","templated":true}]}}