{"id":9240,"date":"2016-11-16T00:00:16","date_gmt":"2016-11-15T22:00:16","guid":{"rendered":"https:\/\/comunicatur.info\/?p=9240"},"modified":"2016-11-16T20:26:15","modified_gmt":"2016-11-16T18:26:15","slug":"som-cultura-o-el-espacio-que-comparten-cultura-y-turismo","status":"publish","type":"post","link":"https:\/\/www.comunicatur.info\/es\/som-cultura-o-el-espacio-que-comparten-cultura-y-turismo\/","title":{"rendered":"\u201cSom Cultura\u201d o el espacio que comparten Cultura y Turismo"},"content":{"rendered":"<p><em>Por Ramon Ramos:<\/em><\/p>\n<p>A principios del siglo XX, el c\u00e9lebre arquitecto gerundense Rafael Mas\u00f3 tuvo muy claro que el patrimonio y el dinamismo cultural de la ciudad de Girona i de las comarcas gerundenses podr\u00edan constituir un atractivo tur\u00edstico de primer orden. Trabaj\u00f3 para conseguir articular este espacio de intersecci\u00f3n y, de hecho, algunas de sus obras son parte de un legado cultural valios\u00edsimo que tiene un innegable atractivo tur\u00edstico. El intento de promover la relaci\u00f3n del turismo y la cultura fue difamado mayoritariamente al producirse la explosi\u00f3n del turismo de sol y playa, pero la necesidad de desestacionalizar la oferta tur\u00edstica y, sobre todo, el convencimiento que la Cultura es un valor fundamental en nuestra sociedad, que permite proyectar entre nuestros visitantes una imagen civilizada, amable y culta de nuestro territorio, hizo cambiar esta percepci\u00f3n que la cultura era algo complementario al hecho tur\u00edstico, para convertirla en un elemento capital.<\/p>\n<p><b>\u201cSom Cultura\u201d,<\/b> el primer Festival de Experiencias Culturales de las comarcas de Girona, que se celebra durante todo el mes de noviembre y que promueve el Club de Cultura e Identidad del Patronato de Turismo Costa Brava Girona, nace con el objetivo de crear un espacio com\u00fan donde se encuentren Cultura y Turismo. <b>\u201cSom Cultura\u201d<\/b> es la primera campa\u00f1a de divulgaci\u00f3n y promoci\u00f3n impulsada por el club, con tal de acercar la oferta cultural, patrimonial y de artes esc\u00e9nicas de la demarcaci\u00f3n de Girona a un p\u00fablico de proximidad, el mismo p\u00fablico de Girona, pero tambi\u00e9n de todo el pa\u00eds y de la Catalu\u00f1a Norte, con el prop\u00f3sito de fortalecer este espacio de intersecci\u00f3n. Para llevar adelante esta iniciativa ha sido fundamental la implicaci\u00f3n de numerosos agentes culturales y tur\u00edsticos del territorio, p\u00fablicos y privados, con tal de juntar un complet\u00edsimo programa de actividades, algunas de las cuales se celebran peri\u00f3dicamente, otras se han recuperado de otras \u00e9pocas del a\u00f1o, mientras que otras o se han reforzado o se han organizado expresamente para la ocasi\u00f3n.<\/p>\n<p><b>Hasta 60 actividades programadas<br \/>\n<\/b>Son en total una sesentena de actividades de todo tipo, gratuitas o de pago, a un precio popular, las que dan un grueso considerable al programa de actividades ideado desde el club, con la cuarentena larga de miembros entre instituciones, entidades y empresas. La propuesta es muy variada, para todos los p\u00fablicos, de manera querida para que todos encuentren algo que pueda interesarles. Actividades que pueden realizarse solo, en pareja, en familia o en grupo. S\u00f3lo por enumerar algunas, los participantes pueden asistir a un encuentro de <i>instagramers<\/i> en los escenarios de \u201cJuego de Tronos\u201d en el <i>barri vell<\/i> de Girona; recordar el paso de Ava Gardner por Tossa de Mar a trav\u00e9s del film \u201cPandora y el holand\u00e9s errante\u201d; asistir a los conciertos del festival \u201cC\u00e0ntut\u201d de Cass\u00e0 de la Selva; descubrir los caminos del exilio y la memoria haciendo la ruta de Camprodon a Prats de Moll\u00f3; hacer recorridos extraordinarios por el Teatro-Museo Dal\u00ed de Figueres o el Castillo Gala-Dal\u00ed de P\u00fabol o rememorar el cl\u00e1sico \u201cTerra Baixa\u201d con Llu\u00eds Homar en el Festival Temporada Alta. Todo esto y m\u00e1s es lo que ofrece el festival <b>\u201cSom Cultura\u201d<\/b>, actividades con valor a\u00f1adido, gratuitas o de pago con diversos descuentos y condiciones especiales. <b><\/b><\/p>\n<p>El oto\u00f1o y el mes de noviembre en particular es la mejor \u00e9poca para construir esta oferta que incluye museos y festivales, pero tambi\u00e9n talleres pr\u00e1cticos para la familia -un taller de navegaci\u00f3n y pesca en Palam\u00f3s o de miniaturas medievales en Vilabertran- o visitas guiadas a espacios patrimoniales o a espacios que han adquirido un inter\u00e9s a\u00f1adido reciente, como los escenarios de \u201cJuego de Tronos\u201d. <b>\u201cSom Cultura\u201d,<\/b> pero, tambi\u00e9n se hace eco de diversas celebraciones y conmemoraciones, como el 65\u00ba aniversario del rodaje de \u201cPandora y el holand\u00e9s errante\u201d en Tossa; la retirada republicana hace ahora 80 a\u00f1os, a trav\u00e9s de los caminos del exilio; el 25\u00ba aniversario de <i>Els Marrecs de Salt<\/i>, pregoneros de las Ferias de Sant Narc\u00eds, que levantaron un pilar en la nave central de la Catedral de Girona o el 25\u00ba aniversario del Festival Temporada Alta. Porque adem\u00e1s de Cultura y Turismo, somos territorio y somos identidad.<br \/>\nBienvenidos al festival de experiencias culturales.<\/p>\n<p><strong><a href=\"https:\/\/www.comunicatur.info\/wp-content\/uploads\/2016\/11\/RAMON-RAMOS.jpg\"><img class=\"alignleft  wp-image-9235\" alt=\"RAMON RAMOS\" src=\"https:\/\/www.comunicatur.info\/wp-content\/uploads\/2016\/11\/RAMON-RAMOS-215x300.jpg\" width=\"172\" height=\"240\" srcset=\"https:\/\/www.comunicatur.info\/wp-content\/uploads\/2016\/11\/RAMON-RAMOS-215x300.jpg 215w, https:\/\/www.comunicatur.info\/wp-content\/uploads\/2016\/11\/RAMON-RAMOS.jpg 275w\" sizes=\"(max-width: 172px) 100vw, 172px\" \/><\/a><\/strong><\/p>\n<p>&nbsp;<\/p>\n<p><strong>Ramon Ramos<\/strong><br \/>\n<em><strong>Director del Patronato de Turismo Costa Brava Girona<\/strong><\/em><\/p>\n<p>&nbsp;<\/p>\n","protected":false},"excerpt":{"rendered":"<p>Por Ramon Ramos: A principios del siglo XX, el c\u00e9lebre arquitecto gerundense Rafael Mas\u00f3 tuvo muy claro que el patrimonio y el dinamismo cultural de la ciudad de Girona i de las comarcas gerundenses podr\u00edan constituir un atractivo tur\u00edstico de primer orden. Trabaj\u00f3 para conseguir articular este espacio de intersecci\u00f3n y, de hecho, algunas de &hellip;<\/p>\n","protected":false},"author":1,"featured_media":0,"comment_status":"closed","ping_status":"open","sticky":false,"template":"","format":"standard","meta":[],"categories":[62,72,73],"tags":[],"_links":{"self":[{"href":"https:\/\/www.comunicatur.info\/es\/wp-json\/wp\/v2\/posts\/9240"}],"collection":[{"href":"https:\/\/www.comunicatur.info\/es\/wp-json\/wp\/v2\/posts"}],"about":[{"href":"https:\/\/www.comunicatur.info\/es\/wp-json\/wp\/v2\/types\/post"}],"author":[{"embeddable":true,"href":"https:\/\/www.comunicatur.info\/es\/wp-json\/wp\/v2\/users\/1"}],"replies":[{"embeddable":true,"href":"https:\/\/www.comunicatur.info\/es\/wp-json\/wp\/v2\/comments?post=9240"}],"version-history":[{"count":3,"href":"https:\/\/www.comunicatur.info\/es\/wp-json\/wp\/v2\/posts\/9240\/revisions"}],"predecessor-version":[{"id":9243,"href":"https:\/\/www.comunicatur.info\/es\/wp-json\/wp\/v2\/posts\/9240\/revisions\/9243"}],"wp:attachment":[{"href":"https:\/\/www.comunicatur.info\/es\/wp-json\/wp\/v2\/media?parent=9240"}],"wp:term":[{"taxonomy":"category","embeddable":true,"href":"https:\/\/www.comunicatur.info\/es\/wp-json\/wp\/v2\/categories?post=9240"},{"taxonomy":"post_tag","embeddable":true,"href":"https:\/\/www.comunicatur.info\/es\/wp-json\/wp\/v2\/tags?post=9240"}],"curies":[{"name":"wp","href":"https:\/\/api.w.org\/{rel}","templated":true}]}}