{"id":9208,"date":"2016-11-10T00:00:13","date_gmt":"2016-11-09T22:00:13","guid":{"rendered":"https:\/\/comunicatur.info\/?p=9208"},"modified":"2016-11-14T15:17:09","modified_gmt":"2016-11-14T13:17:09","slug":"cataluna-realiza-uno-de-los-mejores-marketing-turisticos-del-mundo","status":"publish","type":"post","link":"https:\/\/www.comunicatur.info\/es\/cataluna-realiza-uno-de-los-mejores-marketing-turisticos-del-mundo\/","title":{"rendered":"Catalu\u00f1a realiza uno de los mejores marketing tur\u00edsticos del mundo"},"content":{"rendered":"<p>En el \u00faltimo a\u00f1o la estrategia de marketing del destino tur\u00edstico &#8216;Catalu\u00f1a&#8217; est\u00e1 recibiendo varios reconocimientos internacionales. S\u00f3lo en una semana ha recibido hasta tres distinciones que la sit\u00faan como la mejor del mundo en marketing tur\u00edstico deportivo, gastron\u00f3mico y de turismo sostenible.<\/p>\n<p><!--more-->En la World Travel Market (WTM), Catalu\u00f1a ha recibido el premio al mejor destino de turismo deportivo del mundo. El Global Sport Tourism Summit ha alabado el trabajo que est\u00e1 haciendo la Agencia Catalana de Turismo (ACT) para promocionar el turismo deportivo y ha puesto como ejemplo la disciplina del ciclismo. El ganador del Tour de France, del Giro de Italia y Campe\u00f3n del Mundo en ciclismo, Stephen Roche, ha sido el encargado de entregarle el premio. Roche ha calificado a Catalu\u00f1a \u00abcomo el mejor lugar del mundo para practicar ciclismo\u00bb.<\/p>\n<p>En la misma feria la Agencia Catalana de Turismo ha recibido el distintivo WRTD (World Responsible Tourisme Day) que avala la tarea de Catalu\u00f1a en la implementaci\u00f3n y la promoci\u00f3n del turismo accesible y el turismo para todos. En este caso ya son cinco a\u00f1os consecutivos en los que los impulsores de la iniciativa \u00abD\u00eda del turismo responsable\u00bb escogen el destino catal\u00e1n en la WTM.<\/p>\n<p>Estos galardones se suman a un tercero recibido justamente una semana antes en Dubl\u00edn. La ACT recibi\u00f3 el premio \u00abHall of Fame on Gastronomy, Tourism and Culture\u00bb, en la categor\u00eda de sector p\u00fablico, en el marco del Foro TouRRoir, que entreg\u00f3 el Ministro de Exteriores de Irlanda. Y es que este a\u00f1o Catalu\u00f1a tambi\u00e9n ostenta el reconocimiento de Regi\u00f3n Europea de la Gastronom\u00eda.<\/p>\n<p>Octavi Bono, director general de Turismo, ha agradecido estos premios manifestando \u00abque ponen en valor el buen trabajo que se hace en materia tur\u00edstica en Catalu\u00f1a, no s\u00f3lo desde las instituciones p\u00fablicas, sino tambi\u00e9n desde el sector privado\u00bb.<\/p>\n","protected":false},"excerpt":{"rendered":"<p>En el \u00faltimo a\u00f1o la estrategia de marketing del destino tur\u00edstico &#8216;Catalu\u00f1a&#8217; est\u00e1 recibiendo varios reconocimientos internacionales. S\u00f3lo en una semana ha recibido hasta tres distinciones que la sit\u00faan como la mejor del mundo en marketing tur\u00edstico deportivo, gastron\u00f3mico y de turismo sostenible. En la World Travel Market (WTM), Catalu\u00f1a ha recibido el premio al &hellip;<\/p>\n","protected":false},"author":1,"featured_media":0,"comment_status":"closed","ping_status":"open","sticky":false,"template":"","format":"standard","meta":[],"categories":[62],"tags":[],"_links":{"self":[{"href":"https:\/\/www.comunicatur.info\/es\/wp-json\/wp\/v2\/posts\/9208"}],"collection":[{"href":"https:\/\/www.comunicatur.info\/es\/wp-json\/wp\/v2\/posts"}],"about":[{"href":"https:\/\/www.comunicatur.info\/es\/wp-json\/wp\/v2\/types\/post"}],"author":[{"embeddable":true,"href":"https:\/\/www.comunicatur.info\/es\/wp-json\/wp\/v2\/users\/1"}],"replies":[{"embeddable":true,"href":"https:\/\/www.comunicatur.info\/es\/wp-json\/wp\/v2\/comments?post=9208"}],"version-history":[{"count":1,"href":"https:\/\/www.comunicatur.info\/es\/wp-json\/wp\/v2\/posts\/9208\/revisions"}],"predecessor-version":[{"id":9209,"href":"https:\/\/www.comunicatur.info\/es\/wp-json\/wp\/v2\/posts\/9208\/revisions\/9209"}],"wp:attachment":[{"href":"https:\/\/www.comunicatur.info\/es\/wp-json\/wp\/v2\/media?parent=9208"}],"wp:term":[{"taxonomy":"category","embeddable":true,"href":"https:\/\/www.comunicatur.info\/es\/wp-json\/wp\/v2\/categories?post=9208"},{"taxonomy":"post_tag","embeddable":true,"href":"https:\/\/www.comunicatur.info\/es\/wp-json\/wp\/v2\/tags?post=9208"}],"curies":[{"name":"wp","href":"https:\/\/api.w.org\/{rel}","templated":true}]}}