{"id":9198,"date":"2016-11-04T00:00:26","date_gmt":"2016-11-03T22:00:26","guid":{"rendered":"https:\/\/comunicatur.info\/?p=9198"},"modified":"2016-11-04T01:13:56","modified_gmt":"2016-11-03T23:13:56","slug":"el-turismo-queda-relegado-al-ministerio-cajon-de-sastre","status":"publish","type":"post","link":"https:\/\/www.comunicatur.info\/es\/el-turismo-queda-relegado-al-ministerio-cajon-de-sastre\/","title":{"rendered":"El turismo queda relegado al ministerio \u2018caj\u00f3n de sastre\u2019"},"content":{"rendered":"<p>El nuevo ejecutivo espa\u00f1ol liderado por Mariano Rajoy ha vuelto a situar al Turismo en un ministerio \u2018revoltijo\u2019. Energ\u00eda, Turismo y Agenda Digital es la denominaci\u00f3n escogida para este nuevo ministerio que dirigir\u00e1 \u00c1lvaro Nadal.<\/p>\n<p><!--more-->Hasta su nombramiento Nadal ejerc\u00eda de director de la Oficina Econ\u00f3mica de la Presidencia del Gobierno y era uno de los principales asesores en materia econ\u00f3mica de Rajoy. Cuenta con experiencia en el \u00e1mbito del comercio internacional y quienes lo conocen dicen que es uno de los mejores valores con los que cuenta el gobierno aunque explican que tras su porte \u201cliberal\u201d se esconde un \u201cintervencionista\u201d. Su relaci\u00f3n con el turismo no es muy profusa pero ha tenido varias funciones vinculadas como la de vocal de la comisi\u00f3n de Comercio y Turismo.<\/p>\n<p>El organigrama del gobierno espa\u00f1ol sigue relegando al sector tur\u00edstico, uno de los pilares de la econom\u00eda del pa\u00eds, a una posici\u00f3n poco destacada. La remodelaci\u00f3n ha trasladado Industria a la cartera de Econom\u00eda, que dirigir\u00e1 Lu\u00eds de Guindos, dejando hu\u00e9rfano al Turismo en un ministerio alejado de la actividad productiva industrial y econ\u00f3mica.<\/p>\n","protected":false},"excerpt":{"rendered":"<p>El nuevo ejecutivo espa\u00f1ol liderado por Mariano Rajoy ha vuelto a situar al Turismo en un ministerio \u2018revoltijo\u2019. Energ\u00eda, Turismo y Agenda Digital es la denominaci\u00f3n escogida para este nuevo ministerio que dirigir\u00e1 \u00c1lvaro Nadal. Hasta su nombramiento Nadal ejerc\u00eda de director de la Oficina Econ\u00f3mica de la Presidencia del Gobierno y era uno de &hellip;<\/p>\n","protected":false},"author":1,"featured_media":0,"comment_status":"closed","ping_status":"open","sticky":false,"template":"","format":"standard","meta":[],"categories":[73],"tags":[],"_links":{"self":[{"href":"https:\/\/www.comunicatur.info\/es\/wp-json\/wp\/v2\/posts\/9198"}],"collection":[{"href":"https:\/\/www.comunicatur.info\/es\/wp-json\/wp\/v2\/posts"}],"about":[{"href":"https:\/\/www.comunicatur.info\/es\/wp-json\/wp\/v2\/types\/post"}],"author":[{"embeddable":true,"href":"https:\/\/www.comunicatur.info\/es\/wp-json\/wp\/v2\/users\/1"}],"replies":[{"embeddable":true,"href":"https:\/\/www.comunicatur.info\/es\/wp-json\/wp\/v2\/comments?post=9198"}],"version-history":[{"count":1,"href":"https:\/\/www.comunicatur.info\/es\/wp-json\/wp\/v2\/posts\/9198\/revisions"}],"predecessor-version":[{"id":9199,"href":"https:\/\/www.comunicatur.info\/es\/wp-json\/wp\/v2\/posts\/9198\/revisions\/9199"}],"wp:attachment":[{"href":"https:\/\/www.comunicatur.info\/es\/wp-json\/wp\/v2\/media?parent=9198"}],"wp:term":[{"taxonomy":"category","embeddable":true,"href":"https:\/\/www.comunicatur.info\/es\/wp-json\/wp\/v2\/categories?post=9198"},{"taxonomy":"post_tag","embeddable":true,"href":"https:\/\/www.comunicatur.info\/es\/wp-json\/wp\/v2\/tags?post=9198"}],"curies":[{"name":"wp","href":"https:\/\/api.w.org\/{rel}","templated":true}]}}