{"id":9186,"date":"2016-11-07T00:00:29","date_gmt":"2016-11-06T22:00:29","guid":{"rendered":"https:\/\/comunicatur.info\/?p=9186"},"modified":"2016-11-08T16:23:45","modified_gmt":"2016-11-08T14:23:45","slug":"girona-acogera-uno-de-los-festivales-de-la-bicicleta-mas-importantes-del-mundo-en-junip-de-2017","status":"publish","type":"post","link":"https:\/\/www.comunicatur.info\/es\/girona-acogera-uno-de-los-festivales-de-la-bicicleta-mas-importantes-del-mundo-en-junip-de-2017\/","title":{"rendered":"Girona acoger\u00e1 uno de los festivales de la bicicleta m\u00e1s importantes del mundo en junio de 2017"},"content":{"rendered":"<p>Se trata de <b>SEA OTTER<\/b>, un reconocido evento californiano que visitar\u00e1 Europa por primera vez del 2 al 4 de junio.<\/p>\n<p><!--more-->El Sea Otter hace 25 a\u00f1os que se celebra en Laguna Seca (California) y es un festival dedicado al ciclismo y a los deportes al aire libre. Est\u00e1 considerado como uno de los m\u00e1s completos e importantes del mundo. En su primera visita a Europa la ciudad de Girona ha sido la escogida. El certamen tendr\u00e1 lugar del 2 al 4 de junio en el Pabell\u00f3n Municipal Girona-Fontajau y sus alrededores, ocupando una superficie total de m\u00e1s de 50.000 m<sup>2<\/sup>. El pabell\u00f3n y parte del \u00e1rea\u00a0 exterior acoger\u00e1 la zona principal de exposici\u00f3n, que mostrar\u00e1 productos, accesorios y servicios relacionados con el sector de la bicicleta. Pero el festival contar\u00e1 tambi\u00e9n con diversas pruebas populares, exhibiciones y pruebas de alto nivel internacional. Entre estos eventos deportivos, que tendr\u00e1n la salida y llegada en los aleda\u00f1os de Fontajau y que recorrer\u00e1n la Costa Brava y el Pirineo de Girona, destacan la Copa Catalana Internacional Biking Point de BTT, la Scott Marathon o la Pirinexus 360 Challenge.<\/p>\n<p><b>2017, A\u00f1o del Cicloturismo en la Costa Brava y Pirineo de Girona<br \/>\n<\/b><a href=\"https:\/\/www.comunicatur.info\/wp-content\/uploads\/2016\/11\/SEA-OTTER_1.jpg\"><img class=\"alignright size-medium wp-image-9184\" alt=\"SEA OTTER_1\" src=\"https:\/\/www.comunicatur.info\/wp-content\/uploads\/2016\/11\/SEA-OTTER_1-300x199.jpg\" width=\"300\" height=\"199\" srcset=\"https:\/\/www.comunicatur.info\/wp-content\/uploads\/2016\/11\/SEA-OTTER_1-300x199.jpg 300w, https:\/\/www.comunicatur.info\/wp-content\/uploads\/2016\/11\/SEA-OTTER_1-600x398.jpg 600w, https:\/\/www.comunicatur.info\/wp-content\/uploads\/2016\/11\/SEA-OTTER_1.jpg 800w\" sizes=\"(max-width: 300px) 100vw, 300px\" \/><\/a>El Patronato de Turismo Costa Brava Girona ha presentado este festival, que llevar\u00e1 por t\u00edtulo <b>SEA OTTER EUROPE COSTA BRAVA-GIRONA BIKE SHOW<\/b> en el ayuntamiento de Girona. Y es que el Sea Otter Europa cuenta con el soporte de todas las instituciones, como lo demuestra el hecho que junto al director del Patronato de Turismo de la Diputaci\u00f3n de Girona, Ramon Ramos, tambi\u00e9n asistieron a la presentaci\u00f3n la teniente de alcalde y concejala de Promoci\u00f3n Econ\u00f3mica del ayuntamiento de Girona, Gl\u00f2ria Plana y el representante territorial de deportes de la Generalitat de Catalu\u00f1a, Josep Pujols.<\/p>\n<p>Ramon Ramos aprovech\u00f3 esta presentaci\u00f3n para avanzar que el a\u00f1o 2017 ser\u00e1 declarado <b>A\u00f1o del Cicloturismo en la Costa Brava y Pirineo de Girona <\/b>y se celebrar\u00e1 con diversas acciones promocionales i de marketing, aprovechando tambi\u00e9n que Girona-Costa Brava y Pirineo de Girona es uno de los destinos m\u00e1s importantes de Europa en turismo activo. El Sea Otter Europe Costa Brava Girona Bike Show viene a premiar el esfuerzo de la demarcaci\u00f3n hacia el mundo de la bicicleta, ya que ha conseguido posicionarse como un destino deportivo ciclista de referencia del sur de Europa.<\/p>\n<p>El director del festival ser\u00e1 <b>Oriol Sallent<\/b>, una persona muy vinculada al mundo de la bicicleta y el turismo desde hace muchos a\u00f1os. Licenciado en Ciencias de la Actividad F\u00edsica y Deporte, doctor en Turismo, Derecho y Empresa, es miembro del Grupo de Investigaci\u00f3n Organizational Networks and Innovation in Tourism (ONIT) de la Universidad de Girona y fue uno de los pioneros en el mundo de los centros BTT de Catalu\u00f1a.<\/p>\n","protected":false},"excerpt":{"rendered":"<p>Se trata de SEA OTTER, un reconocido evento californiano que visitar\u00e1 Europa por primera vez del 2 al 4 de junio. El Sea Otter hace 25 a\u00f1os que se celebra en Laguna Seca (California) y es un festival dedicado al ciclismo y a los deportes al aire libre. Est\u00e1 considerado como uno de los m\u00e1s &hellip;<\/p>\n","protected":false},"author":1,"featured_media":0,"comment_status":"closed","ping_status":"open","sticky":false,"template":"","format":"standard","meta":[],"categories":[63],"tags":[],"_links":{"self":[{"href":"https:\/\/www.comunicatur.info\/es\/wp-json\/wp\/v2\/posts\/9186"}],"collection":[{"href":"https:\/\/www.comunicatur.info\/es\/wp-json\/wp\/v2\/posts"}],"about":[{"href":"https:\/\/www.comunicatur.info\/es\/wp-json\/wp\/v2\/types\/post"}],"author":[{"embeddable":true,"href":"https:\/\/www.comunicatur.info\/es\/wp-json\/wp\/v2\/users\/1"}],"replies":[{"embeddable":true,"href":"https:\/\/www.comunicatur.info\/es\/wp-json\/wp\/v2\/comments?post=9186"}],"version-history":[{"count":2,"href":"https:\/\/www.comunicatur.info\/es\/wp-json\/wp\/v2\/posts\/9186\/revisions"}],"predecessor-version":[{"id":9188,"href":"https:\/\/www.comunicatur.info\/es\/wp-json\/wp\/v2\/posts\/9186\/revisions\/9188"}],"wp:attachment":[{"href":"https:\/\/www.comunicatur.info\/es\/wp-json\/wp\/v2\/media?parent=9186"}],"wp:term":[{"taxonomy":"category","embeddable":true,"href":"https:\/\/www.comunicatur.info\/es\/wp-json\/wp\/v2\/categories?post=9186"},{"taxonomy":"post_tag","embeddable":true,"href":"https:\/\/www.comunicatur.info\/es\/wp-json\/wp\/v2\/tags?post=9186"}],"curies":[{"name":"wp","href":"https:\/\/api.w.org\/{rel}","templated":true}]}}