{"id":9176,"date":"2016-11-03T00:00:12","date_gmt":"2016-11-02T22:00:12","guid":{"rendered":"https:\/\/comunicatur.info\/?p=9176"},"modified":"2016-11-04T01:12:08","modified_gmt":"2016-11-03T23:12:08","slug":"una-marca-turistica-para-potenciar-los-espacios-naturales-del-llano-de-lleida","status":"publish","type":"post","link":"https:\/\/www.comunicatur.info\/es\/una-marca-turistica-para-potenciar-los-espacios-naturales-del-llano-de-lleida\/","title":{"rendered":"Una marca tur\u00edstica para potenciar los espacios naturales del Llano de Lleida"},"content":{"rendered":"<p>La Asociaci\u00f3n Leader de Ponent de Lleida ha creado la nueva marca tur\u00edstica Espais Naturals de Ponent para promocionar y dar a conocer diez espacios naturales protegidos en las comarcas de Les Garrigues, El Pla d\u2019Urgell, L\u2019Urgell y la zona sur del Segri\u00e0, donde se encuentran especies y paisajes singulares y que tienen potencial para consolidarse como una atracci\u00f3n de turismo natural.<\/p>\n<p><!--more-->Estos espacios singulares son la confluencia del Segre-Cinca, los secanos de Mas de Melons y Alf\u00e9s, los secanos del Segri\u00e0 y Utxesa, la sierra de Bellmunt-Almenara, los secanos de Belianes-Preixana, el lago de Ivars y Vila-sana, los Plans de Si\u00f3, los Bessons, el valle de Vinaixa y las monta\u00f1as de Prades-Sierra de la Llena. Integran la zona de promoci\u00f3n y divulgaci\u00f3n conjunta 75 municipios y 104.987 habitantes.<\/p>\n<p>Leader de Ponent ha creado la p\u00e1gina web <a href=\"http:\/\/www.espaisnaturalsdeponent.cat\" target=\"_blank\" rel=\"noopener\">www.espaisnaturalsdeponent.cat<\/a>, en la que los visitantes encontrar\u00e1n toda la informaci\u00f3n relevante y los servicios tur\u00edsticos que se ofrecen en los diez espacios para organizar una estancia y tambi\u00e9n de su flora y fauna, as\u00ed como hacer una visita virtual y visualizar material audiovisual in\u00e9dito. El objetivo del proyecto es dar a conocer entre la poblaci\u00f3n local y for\u00e1nea lugares desconocidos, con una combinaci\u00f3n de zonas de secano con zonas aguanosas, con un importante activo tur\u00edstico y econ\u00f3mico. Estos espacios destacan por su riqueza natural, con una gran variedad de flora, diversidad de especies animales y de aves, y la excepcionalidad de sus paisajes.<\/p>\n<p>Los impulsores del proyecto conf\u00edan en que la dinamizaci\u00f3n de estos diez espacios naturales contribuir\u00e1 a la diversificaci\u00f3n de la actividad social y econ\u00f3mica con la creaci\u00f3n de m\u00e1s puestos de trabajo, la potenciaci\u00f3n y la generaci\u00f3n de nuevas empresas y servicios especializados de restauraci\u00f3n, alojamiento, de gu\u00edas y ornitolog\u00eda, entre otros, y el consumo de productos locales. El pr\u00f3ximo a\u00f1o la asociaci\u00f3n continuar\u00e1 trabajando para a\u00f1adir nuevos ecosistemas al proyecto (en Poniente hay 14 espacios naturales), crear una agenda conjunta de actividades y mejorar la se\u00f1alizaci\u00f3n. <i>\/Noticia emitida por el Patronat de Turisme Terres de Lleida<\/i><\/p>\n","protected":false},"excerpt":{"rendered":"<p>La Asociaci\u00f3n Leader de Ponent de Lleida ha creado la nueva marca tur\u00edstica Espais Naturals de Ponent para promocionar y dar a conocer diez espacios naturales protegidos en las comarcas de Les Garrigues, El Pla d\u2019Urgell, L\u2019Urgell y la zona sur del Segri\u00e0, donde se encuentran especies y paisajes singulares y que tienen potencial para &hellip;<\/p>\n","protected":false},"author":1,"featured_media":0,"comment_status":"closed","ping_status":"open","sticky":false,"template":"","format":"standard","meta":[],"categories":[62],"tags":[],"_links":{"self":[{"href":"https:\/\/www.comunicatur.info\/es\/wp-json\/wp\/v2\/posts\/9176"}],"collection":[{"href":"https:\/\/www.comunicatur.info\/es\/wp-json\/wp\/v2\/posts"}],"about":[{"href":"https:\/\/www.comunicatur.info\/es\/wp-json\/wp\/v2\/types\/post"}],"author":[{"embeddable":true,"href":"https:\/\/www.comunicatur.info\/es\/wp-json\/wp\/v2\/users\/1"}],"replies":[{"embeddable":true,"href":"https:\/\/www.comunicatur.info\/es\/wp-json\/wp\/v2\/comments?post=9176"}],"version-history":[{"count":1,"href":"https:\/\/www.comunicatur.info\/es\/wp-json\/wp\/v2\/posts\/9176\/revisions"}],"predecessor-version":[{"id":9177,"href":"https:\/\/www.comunicatur.info\/es\/wp-json\/wp\/v2\/posts\/9176\/revisions\/9177"}],"wp:attachment":[{"href":"https:\/\/www.comunicatur.info\/es\/wp-json\/wp\/v2\/media?parent=9176"}],"wp:term":[{"taxonomy":"category","embeddable":true,"href":"https:\/\/www.comunicatur.info\/es\/wp-json\/wp\/v2\/categories?post=9176"},{"taxonomy":"post_tag","embeddable":true,"href":"https:\/\/www.comunicatur.info\/es\/wp-json\/wp\/v2\/tags?post=9176"}],"curies":[{"name":"wp","href":"https:\/\/api.w.org\/{rel}","templated":true}]}}