{"id":9152,"date":"2016-10-27T00:00:15","date_gmt":"2016-10-26T22:00:15","guid":{"rendered":"https:\/\/comunicatur.info\/?p=9152"},"modified":"2016-10-25T13:47:11","modified_gmt":"2016-10-25T11:47:11","slug":"el-sector-turistico-espanol-vive-en-una-burbuja","status":"publish","type":"post","link":"https:\/\/www.comunicatur.info\/es\/el-sector-turistico-espanol-vive-en-una-burbuja\/","title":{"rendered":"El sector tur\u00edstico espa\u00f1ol vive en una \u2018burbuja\u2019"},"content":{"rendered":"<p>La valoraci\u00f3n tur\u00edstica que realiza trimestralmente Exceltur advierte de una situaci\u00f3n irreal en el empresariado espa\u00f1ol sobre la situaci\u00f3n real que est\u00e1 viviendo el destino tur\u00edstico. El PIB tur\u00edstico crecer\u00e1 seg\u00fan sus estimaciones un 4,5% por \u201clas continuadas oleadas de turistas extranjeros, buena parte prestados, concentrados en las zonas de la costa y desplazados de otros destinos competidores\u201d.<\/p>\n<p><!--more-->En este sentido recuerdan que durante la temporada de verano el turismo extranjero a Turqu\u00eda y Egipto se ha desplomado un -40,7%, lo que supone la p\u00e9rdida de 7 millones de turistas. La costa espa\u00f1ola habr\u00eda recibido cerca de 2 millones en estos meses de verano. Una demanda prestada que ya empez\u00f3 en 2010 y en estos a\u00f1os acumula hasta 12 millones de turistas prestados.<\/p>\n<p>Exceltur afirma que \u201cel verano de 2016 se cierra con un balance tur\u00edstico muy singular y excepcional, por el efecto de la burbuja creada en el segmento vacacional y los destinos espa\u00f1oles de Sol y Playa, que en general se han mantenido ajenos como un oasis a la inestabilidad sufrida por nuestros principales competidores del Mediterr\u00e1neo y a la inseguridad por terrorismo sufrida en otros destinos europeos\u201d. Advierte que esta situaci\u00f3n revela una coyuntura de demanda muy incierta y vol\u00e1til que puede revertir en cualquier momento.<\/p>\n<p>El turismo interno, para Exceltur, ha mostrado debilidad. La demanda de los espa\u00f1oles viene marcada por una ralentizaci\u00f3n de los viajes de mayor precio y un mayor dinamismo de los m\u00e1s econ\u00f3micos: turismo rural, campings y hoteles de menor categor\u00eda, detallan. Los hoteles vacacionales de la costa y las empresas de ocio son los m\u00e1s favorecidos por el escenario tur\u00edstico actual, mientras que las agencias de viajes y las compa\u00f1\u00edas de transporte acusan la menor fortaleza del consumo interno.<\/p>\n","protected":false},"excerpt":{"rendered":"<p>La valoraci\u00f3n tur\u00edstica que realiza trimestralmente Exceltur advierte de una situaci\u00f3n irreal en el empresariado espa\u00f1ol sobre la situaci\u00f3n real que est\u00e1 viviendo el destino tur\u00edstico. El PIB tur\u00edstico crecer\u00e1 seg\u00fan sus estimaciones un 4,5% por \u201clas continuadas oleadas de turistas extranjeros, buena parte prestados, concentrados en las zonas de la costa y desplazados de &hellip;<\/p>\n","protected":false},"author":1,"featured_media":0,"comment_status":"closed","ping_status":"open","sticky":false,"template":"","format":"standard","meta":[],"categories":[61,74],"tags":[],"_links":{"self":[{"href":"https:\/\/www.comunicatur.info\/es\/wp-json\/wp\/v2\/posts\/9152"}],"collection":[{"href":"https:\/\/www.comunicatur.info\/es\/wp-json\/wp\/v2\/posts"}],"about":[{"href":"https:\/\/www.comunicatur.info\/es\/wp-json\/wp\/v2\/types\/post"}],"author":[{"embeddable":true,"href":"https:\/\/www.comunicatur.info\/es\/wp-json\/wp\/v2\/users\/1"}],"replies":[{"embeddable":true,"href":"https:\/\/www.comunicatur.info\/es\/wp-json\/wp\/v2\/comments?post=9152"}],"version-history":[{"count":1,"href":"https:\/\/www.comunicatur.info\/es\/wp-json\/wp\/v2\/posts\/9152\/revisions"}],"predecessor-version":[{"id":9153,"href":"https:\/\/www.comunicatur.info\/es\/wp-json\/wp\/v2\/posts\/9152\/revisions\/9153"}],"wp:attachment":[{"href":"https:\/\/www.comunicatur.info\/es\/wp-json\/wp\/v2\/media?parent=9152"}],"wp:term":[{"taxonomy":"category","embeddable":true,"href":"https:\/\/www.comunicatur.info\/es\/wp-json\/wp\/v2\/categories?post=9152"},{"taxonomy":"post_tag","embeddable":true,"href":"https:\/\/www.comunicatur.info\/es\/wp-json\/wp\/v2\/tags?post=9152"}],"curies":[{"name":"wp","href":"https:\/\/api.w.org\/{rel}","templated":true}]}}