{"id":9084,"date":"2016-10-17T00:00:31","date_gmt":"2016-10-16T22:00:31","guid":{"rendered":"https:\/\/comunicatur.info\/?p=9084"},"modified":"2016-10-16T21:54:05","modified_gmt":"2016-10-16T19:54:05","slug":"competencia-vuelva-al-ataque-contra-la-normativa-catalana-de-viviendas-turisticas","status":"publish","type":"post","link":"https:\/\/www.comunicatur.info\/es\/competencia-vuelva-al-ataque-contra-la-normativa-catalana-de-viviendas-turisticas\/","title":{"rendered":"Competencia vuelva al ataque contra la normativa catalana de viviendas tur\u00edsticas"},"content":{"rendered":"<p>La Autoridad Catalana de la Competencia (ACCO) ha realizado un informe contra la regulaci\u00f3n que prepara la Generalitat de Catalunya sobre alojamientos tur\u00edsticos. Cr\u00edtica que las restricciones que impone no est\u00e1n \u201cjustificadas\u201d, son \u201cinnecesarias y desproporcionadas\u201d.<\/p>\n<p><!--more-->La posici\u00f3n de Competencia viene de lejos. Hace un a\u00f1o pas\u00f3 algo similar con un informe anterior y sobre la misma materia. Como inform\u00f3 Comunicatur <a href=\"https:\/\/www.comunicatur.info\/es\/competencia-desmonta-la-propuesta-de-regulacion-de-alojamientos-catalanes\/\" target=\"_blank\">la Autoridad Catalana de la Competencia emiti\u00f3 un informe demoledor sobre el decreto de reglamento de turismo de Catalu\u00f1a<\/a> que desmontaba la regulaci\u00f3n de la Generalitat.<\/p>\n<p>La posici\u00f3n de la ACCO es plenamente liberalizadora en sinton\u00eda con la Comisi\u00f3n Nacional del Mercado y la Competencia (CNMC) que present\u00f3 en marzo de este a\u00f1o un <a href=\"https:\/\/www.comunicatur.info\/es\/competencia-defiende-liberalizar-el-alquiler-turistico\/\" target=\"_blank\">estudio sobre econom\u00eda colaborativa en Espa\u00f1a<\/a> en la misma l\u00ednea.<\/p>\n<p>La ACCO opina que el alquiler de viviendas, ya sea de forma completa o por habitaciones, est\u00e1 siendo limitada ya que obliga a los propietarios a realizar ciertas actuaciones como inscribirse en el registro de turismo y presentar una declaraci\u00f3n responsable. Estas dos gestiones, para la ACCO, suponen que la administraci\u00f3n est\u00e1 imponiendo un sistema de autorizaci\u00f3n previa de la actividad. Otro aspecto que critica son los requisitos m\u00ednimos que se exigen para poder legalizar la actividad. En la pr\u00e1ctica contar con un n\u00famero de tel\u00e9fono de contacto y una garant\u00eda de asistencia para solventar problemas en la vivienda durante la estancia del turista.<\/p>\n","protected":false},"excerpt":{"rendered":"<p>La Autoridad Catalana de la Competencia (ACCO) ha realizado un informe contra la regulaci\u00f3n que prepara la Generalitat de Catalunya sobre alojamientos tur\u00edsticos. Cr\u00edtica que las restricciones que impone no est\u00e1n \u201cjustificadas\u201d, son \u201cinnecesarias y desproporcionadas\u201d. La posici\u00f3n de Competencia viene de lejos. Hace un a\u00f1o pas\u00f3 algo similar con un informe anterior y sobre &hellip;<\/p>\n","protected":false},"author":1,"featured_media":0,"comment_status":"closed","ping_status":"open","sticky":false,"template":"","format":"standard","meta":[],"categories":[59],"tags":[],"_links":{"self":[{"href":"https:\/\/www.comunicatur.info\/es\/wp-json\/wp\/v2\/posts\/9084"}],"collection":[{"href":"https:\/\/www.comunicatur.info\/es\/wp-json\/wp\/v2\/posts"}],"about":[{"href":"https:\/\/www.comunicatur.info\/es\/wp-json\/wp\/v2\/types\/post"}],"author":[{"embeddable":true,"href":"https:\/\/www.comunicatur.info\/es\/wp-json\/wp\/v2\/users\/1"}],"replies":[{"embeddable":true,"href":"https:\/\/www.comunicatur.info\/es\/wp-json\/wp\/v2\/comments?post=9084"}],"version-history":[{"count":1,"href":"https:\/\/www.comunicatur.info\/es\/wp-json\/wp\/v2\/posts\/9084\/revisions"}],"predecessor-version":[{"id":9085,"href":"https:\/\/www.comunicatur.info\/es\/wp-json\/wp\/v2\/posts\/9084\/revisions\/9085"}],"wp:attachment":[{"href":"https:\/\/www.comunicatur.info\/es\/wp-json\/wp\/v2\/media?parent=9084"}],"wp:term":[{"taxonomy":"category","embeddable":true,"href":"https:\/\/www.comunicatur.info\/es\/wp-json\/wp\/v2\/categories?post=9084"},{"taxonomy":"post_tag","embeddable":true,"href":"https:\/\/www.comunicatur.info\/es\/wp-json\/wp\/v2\/tags?post=9084"}],"curies":[{"name":"wp","href":"https:\/\/api.w.org\/{rel}","templated":true}]}}