{"id":8934,"date":"2016-09-15T00:00:37","date_gmt":"2016-09-14T22:00:37","guid":{"rendered":"https:\/\/comunicatur.info\/?p=8934"},"modified":"2016-09-13T16:36:37","modified_gmt":"2016-09-13T14:36:37","slug":"preparados-para-incrementar-la-tasa-turistica-catalana","status":"publish","type":"post","link":"https:\/\/www.comunicatur.info\/es\/preparados-para-incrementar-la-tasa-turistica-catalana\/","title":{"rendered":"Preparados para incrementar la tasa tur\u00edstica catalana"},"content":{"rendered":"<p>La disputa de las administraciones para hacerse con los ingresos de la recaudaci\u00f3n del impuesto tur\u00edstico puede forzar a un incremento del importe para recaudar m\u00e1s. Los ayuntamientos, liderados por Barcelona, \u200b\u200breclaman el 100% de los ingresos que se producen en su territorio. La Generalitat, que no est\u00e1 dispuesta a perderlo, se manifiesta abierta a hablar de incrementar los importes.<\/p>\n<p><!--more-->En una entrevista en RAC1 el consejero de Empresa y Conocimiento, Jordi Baiget, responsable de turismo, ha mostrado la disposici\u00f3n del Gobierno catal\u00e1n para retocarla. S\u00ed que fija una condici\u00f3n: que \u00abse haga de forma consensuada entre el sector y las administraciones\u00bb. A pesar de ello, Baiget ha reprochado que el ayuntamiento barcelon\u00e9s haga esta reclamaci\u00f3n cuando ha sido la Generalitat quien ha tenido todo el desgaste en aplicarla. El consejero ve un mal momento para transferir el impuesto a los ayuntamientos porque hace poco tiempo que se aplica y \u00abahora se est\u00e1 realizando un esfuerzo para consolidarlo\u00bb.<\/p>\n<p>Las declaraciones del consejero suponen un nuevo posicionamiento del Gobierno. Las presiones de los municipios tur\u00edsticos en este sentido parece que est\u00e1n forzando el cambio de actitud. Los ayuntamientos ven como sus vecinos se quejan de masificaci\u00f3n y molestias y piden gestionar toda la recaudaci\u00f3n del impuesto como f\u00f3rmula para paliar este desgaste.<\/p>\n<p>En el caso de la capital catalana ya han puesto en marcha el denominado \u00abGrupo de Trabajo para la adaptaci\u00f3n del Impuesto de Estancias Tur\u00edsticas a las especificidades de Barcelona\u00bb. Como ya inform\u00f3 Comunicatur, este grupo bilateral Ayuntamiento \u2013 Generalitat deber\u00e1 tener las conclusiones terminadas en el plazo de 6 meses. El punto de partida de las reuniones lo puso el teniente de alcald\u00eda, Jaume Collboni manifestando que \u00abel turismo debe estar al servicio de la ciudad, y no al rev\u00e9s\u00bb. La f\u00f3rmula que se acuerde para Barcelona podr\u00eda extrapolarse a otras poblaciones.<\/p>\n<p>La tasa tur\u00edstica comenz\u00f3 aplicarse a finales de 2012 en todos los alojamientos de Catalu\u00f1a y cada ejercicio incrementa ligeramente la recaudaci\u00f3n sin tocar los importes gracias al incremento anual de las pernoctaciones. Desde el \u00faltimo trimestre de 2012 hasta el 2015 se han recaudado 126.121.380 de euros. De \u00e9stos, 38.5 millones de euros se recaudaron en 2013 -primer ejercicio de 12 meses-, 41.2 millones en 2014 (un + 7% respecto al a\u00f1o anterior) y 43.5 en 2015 (5,48% m\u00e1s respecto al 2014).<\/p>\n","protected":false},"excerpt":{"rendered":"<p>La disputa de las administraciones para hacerse con los ingresos de la recaudaci\u00f3n del impuesto tur\u00edstico puede forzar a un incremento del importe para recaudar m\u00e1s. Los ayuntamientos, liderados por Barcelona, \u200b\u200breclaman el 100% de los ingresos que se producen en su territorio. La Generalitat, que no est\u00e1 dispuesta a perderlo, se manifiesta abierta a &hellip;<\/p>\n","protected":false},"author":1,"featured_media":0,"comment_status":"closed","ping_status":"open","sticky":false,"template":"","format":"standard","meta":[],"categories":[62],"tags":[],"_links":{"self":[{"href":"https:\/\/www.comunicatur.info\/es\/wp-json\/wp\/v2\/posts\/8934"}],"collection":[{"href":"https:\/\/www.comunicatur.info\/es\/wp-json\/wp\/v2\/posts"}],"about":[{"href":"https:\/\/www.comunicatur.info\/es\/wp-json\/wp\/v2\/types\/post"}],"author":[{"embeddable":true,"href":"https:\/\/www.comunicatur.info\/es\/wp-json\/wp\/v2\/users\/1"}],"replies":[{"embeddable":true,"href":"https:\/\/www.comunicatur.info\/es\/wp-json\/wp\/v2\/comments?post=8934"}],"version-history":[{"count":1,"href":"https:\/\/www.comunicatur.info\/es\/wp-json\/wp\/v2\/posts\/8934\/revisions"}],"predecessor-version":[{"id":8935,"href":"https:\/\/www.comunicatur.info\/es\/wp-json\/wp\/v2\/posts\/8934\/revisions\/8935"}],"wp:attachment":[{"href":"https:\/\/www.comunicatur.info\/es\/wp-json\/wp\/v2\/media?parent=8934"}],"wp:term":[{"taxonomy":"category","embeddable":true,"href":"https:\/\/www.comunicatur.info\/es\/wp-json\/wp\/v2\/categories?post=8934"},{"taxonomy":"post_tag","embeddable":true,"href":"https:\/\/www.comunicatur.info\/es\/wp-json\/wp\/v2\/tags?post=8934"}],"curies":[{"name":"wp","href":"https:\/\/api.w.org\/{rel}","templated":true}]}}