{"id":8813,"date":"2016-08-01T00:00:40","date_gmt":"2016-07-31T22:00:40","guid":{"rendered":"https:\/\/comunicatur.info\/?p=8813"},"modified":"2016-08-25T15:08:40","modified_gmt":"2016-08-25T13:08:40","slug":"los-premios-de-enoturismo-de-cataluna-destacan-las-mejores-iniciativas-del-ano","status":"publish","type":"post","link":"https:\/\/www.comunicatur.info\/es\/los-premios-de-enoturismo-de-cataluna-destacan-las-mejores-iniciativas-del-ano\/","title":{"rendered":"Los Premios de Enoturismo de Catalu\u00f1a destacan las mejores iniciativas del a\u00f1o"},"content":{"rendered":"<p>La celebraci\u00f3n de la 2\u00aa Noche del Enoturismo en Catalu\u00f1a en la Catedral del Vino de Pinell de Brai ha servido para entregar los premios a las mejores iniciativas enotur\u00edsticas catalanas.<\/p>\n<p><a href=\"https:\/\/www.comunicatur.info\/wp-content\/uploads\/2016\/07\/premisenoturisme.jpg\"><!--more--><img class=\"alignright size-medium wp-image-8809\" alt=\"premisenoturisme2016\" src=\"https:\/\/www.comunicatur.info\/wp-content\/uploads\/2016\/07\/premisenoturisme-300x198.jpg\" width=\"300\" height=\"198\" srcset=\"https:\/\/www.comunicatur.info\/wp-content\/uploads\/2016\/07\/premisenoturisme-300x198.jpg 300w, https:\/\/www.comunicatur.info\/wp-content\/uploads\/2016\/07\/premisenoturisme-1024x678.jpg 1024w, https:\/\/www.comunicatur.info\/wp-content\/uploads\/2016\/07\/premisenoturisme-600x397.jpg 600w, https:\/\/www.comunicatur.info\/wp-content\/uploads\/2016\/07\/premisenoturisme.jpg 2048w\" sizes=\"(max-width: 300px) 100vw, 300px\" \/><\/a>Estos Premios forman parte de las acciones que impulsan la Mesa de Enoturismo de Catalu\u00f1a y \u201cpretenden ser un est\u00edmulo para que las empresas velen por la calidad, sostenibilidad y especializaci\u00f3n de su producto, para incentivarlas a la mejora continua de sus ofertas, y para que innoven a la hora de plantear nuevas propuestas\u201d.<\/p>\n<p>Los premiados en esta segunda edici\u00f3n en cada una de las categor\u00edas son:<\/p>\n<p><b>Alojamientos: <\/b>Cava&amp;Hotel Mastinell, con sede en Vilafranca del Pened\u00e8s (Alt Pened\u00e8s). Este hotel une los servicios e instalaciones de un cinco estrellas con la voluntad de difundir la cultura del vino a trav\u00e9s de actividades diversas (pisada de uva, descubrimiento de la elaboraci\u00f3n de vinos y cavas, servicios de vinoterapia y cavaterapia, etc.). Adem\u00e1s el edificio, de estilo gaudiniano, responde a criterios de sostenibilidad como el aprovechamiento de aguas pluviales, filtraci\u00f3n solar, caldera de biomasa e iluminaci\u00f3n LED entre otros. Des de este alojamiento colaboran en el desarrollo social y econ\u00f3mico del Pened\u00e8s y en el conocimiento de la cultura, la historia y el paisaje de la comarca.<\/p>\n<p><b>Restaurantes: <\/b>El Cigr\u00f3 d\u2019Or, con sede en Vilafranca del Pened\u00e8s (Alt Pened\u00e8s). Este restaurante contribuye a la difusi\u00f3n de los productos de la comarca, ya que trabaja con productos del Pened\u00e8s, reversionando platos t\u00edpicos de la cocina catalana. Adem\u00e1s, el 90% de su carta de vinos son de la D.O. Pened\u00e8s. Tambi\u00e9n organiza talleres, cenas gastron\u00f3micas, tertulias culturales, etc., y en colaboraci\u00f3n con diferentes entidades e instituciones p\u00fablicas programa actividades relacionadas con la gastronom\u00eda y el vino, como por ejemplo El A\u00f1o Internacional de las Legumbres.<\/p>\n<p><b>Arte y cultura<\/b>: Academia Tastavins Pened\u00e8s, con sede en Vilafranca del Pened\u00e8s (Alt Pened\u00e8s). Tastavins Pened\u00e8s es la academia b\u00e1quica m\u00e1s antigua del Estado espa\u00f1ol. Desde su fundaci\u00f3n en el a\u00f1o 1965, ha sido una organizaci\u00f3n sin \u00e1nimo de lucro e independiente, que tiene como objetivo divulgar la cultura del vino y promocionar el Pened\u00e8s, su producto y su patrimonio. Desde el a\u00f1o 2007 organiza el Vijazz Pened\u00e8s, un festival donde se pueden escuchar a los mejores artistas del jazz y a la vez disfrutar y conocer a trav\u00e9s de catas y maridajes los vinos del Pened\u00e8s.<\/p>\n<p><b>Bodegas: <\/b>Heretat Oller del Mas, con sede en Manresa (Bages). Esta bodega naci\u00f3 el a\u00f1o 2003 con el objetivo de elaborar vinos de calidad y situar el castillo del siglo X donde se encuentra ubicado en el epicentro del panorama enol\u00f3gico y cultural de pa\u00eds. Sigue los par\u00e1metros de agricultura ecol\u00f3gica y conrea vi\u00f1as, olivos, nogales y cereal. Es tambi\u00e9n un polo de atracci\u00f3n tur\u00edstica, ya que ofrece visitas enotur\u00edsticas, una zona deportiva (con v\u00f3ley, p\u00e1del, piscinas, pitch and putt, etc), comidas en un restaurante slow-food\/km 0, y actividades variadas (talleres y maridajes, visita a caballo, en bicicleta, carro de mulas o 4&#215;4, etc.). Durante la \u00e9poca de la vendimia, organiza la \u201cCena de la vendimia\u201d las noches de mi\u00e9rcoles a s\u00e1bado.<\/p>\n<p><b>Agencias de viajes especializadas: <\/b>ViOrigen, con sede en Gandesa (Terra Alta). Vinculada al sector vitivin\u00edcola de la Terra Alta, esta empresa nace el a\u00f1o 2014 con el objetivo de enlazar la oferta vin\u00edcola y enotur\u00edstica de la comarca. A trav\u00e9s de su web, ofrecen una amplia selecci\u00f3n de vinos D.O. Terra Alta, as\u00ed como rutas diversas tematizadas (enoturismo con BTT, rutas teatralizadas, visitas a casas bodegas, etc.). Tambi\u00e9n proponen restaurantes donde maridar los vinos con la mejor cocina y alojamientos donde poder disfrutar de un experiencia enotur\u00edstica completa.<\/p>\n<p><b>Entidades p\u00fablicas o publicoprivadas: <\/b>Patronato de Turismo Costa Brava Girona, con sede en Girona (Giron\u00e8s). El Patronato de Turismo Costa Brava Girona organiza desde el a\u00f1o 2014, \u201cV\u00edvid, El Festival del Vino\u201d, una iniciativa de dinamizaci\u00f3n y promoci\u00f3n del territorio fuera de la temporada alta. Los objetivos de este festival son m\u00faltiples: estimular la innovaci\u00f3n y la creatividad con nuevas actividades enotur\u00edsticas, dar valor a\u00f1adido a la D.O. Empord\u00e0, dar a conocer a los visitantes de la Costa Brava su vertiente enotur\u00edstica, y aprovechar el festival para presentar nuevos productos. \u201cV\u00edvid\u201d se compone de un programa de m\u00e1s de cincuenta actividades que incluyen cursos de iniciaci\u00f3n y catas; talleres de cocina y vino; jornadas de puertas abiertas; teatro, m\u00fasica y poes\u00eda maridadas con vino; tratamientos de vinoterapia; o actividades en la naturaleza, entre otros.<\/p>\n<p><b>Pr\u00e1cticas sostenibles\/responsables de enoturismo: <\/b>Celler Lagravera, con sede en Alfarr\u00e0s (Segri\u00e0). Nacido el a\u00f1o 2006, es fruto de la reconversi\u00f3n de una antigua gravera en una bodega con producci\u00f3n y elaboraci\u00f3n propia basada en una viticultura ecol\u00f3gica. Los vinos se elaboran seg\u00fan m\u00e9todos de cultivo biodin\u00e1mico, creaci\u00f3n de micro h\u00e1bitats para luchar contra las enfermedades de las cepas, e investigaci\u00f3n y preservaci\u00f3n de las variedades ancestrales del territorio. La edificaci\u00f3n de la bodega sigue criterios de sostenibilidad y de integraci\u00f3n paisaj\u00edstica, de producci\u00f3n respetuosa con el medio ambiente, y optimizaci\u00f3n del consumo energ\u00e9tico.<\/p>\n","protected":false},"excerpt":{"rendered":"<p>La celebraci\u00f3n de la 2\u00aa Noche del Enoturismo en Catalu\u00f1a en la Catedral del Vino de Pinell de Brai ha servido para entregar los premios a las mejores iniciativas enotur\u00edsticas catalanas. Estos Premios forman parte de las acciones que impulsan la Mesa de Enoturismo de Catalu\u00f1a y \u201cpretenden ser un est\u00edmulo para que las empresas &hellip;<\/p>\n","protected":false},"author":1,"featured_media":0,"comment_status":"closed","ping_status":"open","sticky":false,"template":"","format":"standard","meta":[],"categories":[61],"tags":[],"_links":{"self":[{"href":"https:\/\/www.comunicatur.info\/es\/wp-json\/wp\/v2\/posts\/8813"}],"collection":[{"href":"https:\/\/www.comunicatur.info\/es\/wp-json\/wp\/v2\/posts"}],"about":[{"href":"https:\/\/www.comunicatur.info\/es\/wp-json\/wp\/v2\/types\/post"}],"author":[{"embeddable":true,"href":"https:\/\/www.comunicatur.info\/es\/wp-json\/wp\/v2\/users\/1"}],"replies":[{"embeddable":true,"href":"https:\/\/www.comunicatur.info\/es\/wp-json\/wp\/v2\/comments?post=8813"}],"version-history":[{"count":3,"href":"https:\/\/www.comunicatur.info\/es\/wp-json\/wp\/v2\/posts\/8813\/revisions"}],"predecessor-version":[{"id":8816,"href":"https:\/\/www.comunicatur.info\/es\/wp-json\/wp\/v2\/posts\/8813\/revisions\/8816"}],"wp:attachment":[{"href":"https:\/\/www.comunicatur.info\/es\/wp-json\/wp\/v2\/media?parent=8813"}],"wp:term":[{"taxonomy":"category","embeddable":true,"href":"https:\/\/www.comunicatur.info\/es\/wp-json\/wp\/v2\/categories?post=8813"},{"taxonomy":"post_tag","embeddable":true,"href":"https:\/\/www.comunicatur.info\/es\/wp-json\/wp\/v2\/tags?post=8813"}],"curies":[{"name":"wp","href":"https:\/\/api.w.org\/{rel}","templated":true}]}}