{"id":8788,"date":"2016-07-28T00:00:59","date_gmt":"2016-07-27T22:00:59","guid":{"rendered":"https:\/\/comunicatur.info\/?p=8788"},"modified":"2019-07-26T01:00:59","modified_gmt":"2019-07-25T23:00:59","slug":"10-playas-del-maresme-con-bandera-azul","status":"publish","type":"post","link":"https:\/\/www.comunicatur.info\/es\/10-playas-del-maresme-con-bandera-azul\/","title":{"rendered":"10 playas del Maresme con Bandera Azul"},"content":{"rendered":"<p>La comarca del Maresme es una de las que atesora m\u00e1s banderas azules este verano. No es de extra\u00f1ar, porque estamos ante una de las comarcas m\u00e1s importantes de la marca <b>Costa de Barcelona<\/b>, ya que posee 52 km de playas, de los cuales, 49 son de arena dorada de grano medio y grueso. Son playas generosas que cuentan con todo tipo de instalaciones l\u00fadicas y rigurosos controles de calidad medioambiental. Son 16 los municipios del Maresme que tienen presencia en el litoral. Por ello, el hecho que 10 de sus playas hayan obtenido la Bandera Azul se considera un reconocimiento a la gesti\u00f3n ambiental de los municipios implicados, bajo la tutela de la Diputaci\u00f3n de Barcelona. Son dos playas m\u00e1s con bandera azul que el a\u00f1o pasado.<\/p>\n<p><!--more--><\/p>\n<h2>Playas con Bandera Azul en el\u00a0Maresme ( actualizado 2019 )<\/h2>\n<h3><span style=\"text-decoration: underline;\"><strong>Playas en Malgrat de Mar<\/strong><\/span><\/h3>\n<ul>\n<li>\n<h4>Playa del Centro<\/h4>\n<\/li>\n<li>\n<h4>Playa\u00a0del Astillero<\/h4>\n<\/li>\n<\/ul>\n<h3><span style=\"text-decoration: underline;\"><strong>Playas en Pineda del Mar<\/strong><\/span><\/h3>\n<ul>\n<li>\n<h4>Playa\u00a0de los Pescadores<\/h4>\n<\/li>\n<li>\n<h4>Playa\u00a0de la Riera<\/h4>\n<\/li>\n<\/ul>\n<h3><span style=\"text-decoration: underline;\"><strong>Playas en\u00a0Calella<\/strong><\/span><\/h3>\n<ul>\n<li>\n<h4>Playa\u00a0Garb\u00ed<\/h4>\n<\/li>\n<\/ul>\n<h3><span style=\"text-decoration: underline;\"><strong>Playas en\u00a0Sant Pol de Mar<\/strong><\/span><\/h3>\n<ul>\n<li>\n<h4>Playa\u00a0de las Barcas<\/h4>\n<\/li>\n<\/ul>\n<h3><span style=\"text-decoration: underline;\"><strong>Playas en\u00a0Canet de Mar<\/strong><\/span><\/h3>\n<ul>\n<li>\n<h4>Playa\u00a0de Canet de Mar<\/h4>\n<\/li>\n<\/ul>\n<h3><span style=\"text-decoration: underline;\"><strong>Playas en\u00a0Caldes d\u2019Estrac<\/strong><\/span><\/h3>\n<ul>\n<li>\n<h4>Playa\u00a0de los Tres Monos<\/h4>\n<\/li>\n<\/ul>\n<h3><span style=\"text-decoration: underline;\"><strong>Playas en\u00a0El Masnou<\/strong><\/span><\/h3>\n<ul>\n<li>\n<h4>Playa\u00a0de Ocata<\/h4>\n<\/li>\n<li>\n<h4>Playa\u00a0del Masnou<\/h4>\n<\/li>\n<\/ul>\n<h2>Mapa con las playas ( acercar y clic en iconos para mas informaci\u00f3n )<\/h2>\n<p><iframe src=\"https:\/\/www.google.com\/maps\/d\/embed?mid=1y1fGrNfZ43tYpQ0-ax-Vn4WlUviiMOoc\" width=\"640\" height=\"480\"><\/iframe><\/p>\n<h2><b>Tamb\u00e9 el distintiu SICTED<\/b><\/h2>\n<p><b><br \/>\n<\/b>La Bandera Azul es un galard\u00f3n reconocido internacionalmente que valora y premia la gesti\u00f3n y educaci\u00f3n ambiental y la seguridad, las instalaciones, la prestaci\u00f3n de servicios, la informaci\u00f3n y una excelente calidad del agua. Las otorga un tribunal internacional de la Fundaci\u00f3n de Educaci\u00f3n Ambiental, una organizaci\u00f3n independiente que agrupa a 74 ONG\u2019s en 64 pa\u00edses de Europa y en otros del resto del mundo. En Espa\u00f1a cuanta con la colaboraci\u00f3n de la Asociaci\u00f3n de Educaci\u00f3n Ambiental y del Consumidor (ADEAC), que gestiona la campa\u00f1a en el Estado.<\/p>\n<p>Pero hay que decir que m\u00e1s all\u00e1 de las banderas azules, algunas playas del Maresme tambi\u00e9n disponen de otros distintivos de calidad, como es el <b>SICTED (Sistema Integral de Calidad Tur\u00edstica Espa\u00f1ola en Destino)<\/b> como son la playa del Varador y del Callao en Matar\u00f3 (ambas tambi\u00e9n con la Q de Calidad Tur\u00edstica), de Llevant de Santa Susanna y la de Garb\u00ed de Calella. Esta \u00faltima, adem\u00e1s, cuenta con la Q de Calidad Tur\u00edstica.<\/p>\n<p>En cuanto a los <b>puertos deportivos<\/b>, que tambi\u00e9n gozan de banderas azules, el Maresme cuenta con 4 puertos galardonados: el CN el Bal\u00eds (Sant Andreu de Llavaneres), el Consorcio Port de Matar\u00f3, Port Masnou y, por primera vez, el CN Arenys de Mar.<\/p>\n<p>Es importante destacar que cuatro municipios del Maresme, Santa Susanna, Calella, Pineda de Mar y Malgrat de Mar, tienen tambi\u00e9n la certificaci\u00f3n de <b>Destino de Turismo Familiar<\/b> que otorga la Agencia Catalana de Turismo como marca que acredita la calidad y el compromiso del destino en cuanto a servicios y actividades adaptadas a las familias con hijos. La combinaci\u00f3n de ambas distinciones convierte a estas localidades en id\u00f3neas para las vacaciones y el veraneo. <b><\/b><\/p>\n","protected":false},"excerpt":{"rendered":"<p>La comarca del Maresme es una de las que atesora m\u00e1s banderas azules este verano. No es de extra\u00f1ar, porque estamos ante una de las comarcas m\u00e1s importantes de la marca Costa de Barcelona, ya que posee 52 km de playas, de los cuales, 49 son de arena dorada de grano medio y grueso. Son &hellip;<\/p>\n","protected":false},"author":1,"featured_media":0,"comment_status":"closed","ping_status":"open","sticky":false,"template":"","format":"standard","meta":[],"categories":[62],"tags":[],"_links":{"self":[{"href":"https:\/\/www.comunicatur.info\/es\/wp-json\/wp\/v2\/posts\/8788"}],"collection":[{"href":"https:\/\/www.comunicatur.info\/es\/wp-json\/wp\/v2\/posts"}],"about":[{"href":"https:\/\/www.comunicatur.info\/es\/wp-json\/wp\/v2\/types\/post"}],"author":[{"embeddable":true,"href":"https:\/\/www.comunicatur.info\/es\/wp-json\/wp\/v2\/users\/1"}],"replies":[{"embeddable":true,"href":"https:\/\/www.comunicatur.info\/es\/wp-json\/wp\/v2\/comments?post=8788"}],"version-history":[{"count":7,"href":"https:\/\/www.comunicatur.info\/es\/wp-json\/wp\/v2\/posts\/8788\/revisions"}],"predecessor-version":[{"id":14235,"href":"https:\/\/www.comunicatur.info\/es\/wp-json\/wp\/v2\/posts\/8788\/revisions\/14235"}],"wp:attachment":[{"href":"https:\/\/www.comunicatur.info\/es\/wp-json\/wp\/v2\/media?parent=8788"}],"wp:term":[{"taxonomy":"category","embeddable":true,"href":"https:\/\/www.comunicatur.info\/es\/wp-json\/wp\/v2\/categories?post=8788"},{"taxonomy":"post_tag","embeddable":true,"href":"https:\/\/www.comunicatur.info\/es\/wp-json\/wp\/v2\/tags?post=8788"}],"curies":[{"name":"wp","href":"https:\/\/api.w.org\/{rel}","templated":true}]}}