{"id":8703,"date":"2016-07-06T00:00:52","date_gmt":"2016-07-05T22:00:52","guid":{"rendered":"https:\/\/comunicatur.info\/?p=8703"},"modified":"2016-07-04T13:43:06","modified_gmt":"2016-07-04T11:43:06","slug":"lloret-de-mar-promociona-su-oferta-en-ciclismo-en-carretera","status":"publish","type":"post","link":"https:\/\/www.comunicatur.info\/es\/lloret-de-mar-promociona-su-oferta-en-ciclismo-en-carretera\/","title":{"rendered":"Lloret de Mar promociona su oferta en ciclismo en carretera"},"content":{"rendered":"<p><a href=\"http:\/\/professionals.lloretdemar.org\/es\/\" target=\"_blank\" rel=\"noopener\">Lloret Turismo<\/a> particip\u00f3 en dos acciones que tuvieron lugar en Girona y en <a href=\"http:\/\/lloretdemar.org\/es\/\" target=\"_blank\" rel=\"noopener\">Lloret de Mar<\/a> para promocionar la oferta espec\u00edfica de la ciudad enfocada al ciclismo de carretera. Esta modalidad deportiva en su vertiente tur\u00edstica est\u00e1 disfrutando de un crecimiento importante en los \u00faltimos a\u00f1os y la especializaci\u00f3n de destinos y alojamientos resulta clave para trabajar este producto en concreto.<\/p>\n<p><!--more-->La primera acci\u00f3n promocional fue una jornada de trabajo (<em>workshop<\/em>) organizada por la <a href=\"http:\/\/act.gencat.cat\/?lang=es\" target=\"_blank\" rel=\"noopener\">Agencia Catalana de Turismo<\/a> en la que <a href=\"http:\/\/professionals.lloretdemar.org\/es\/\" target=\"_blank\" rel=\"noopener\">Lloret Turismo<\/a> tuvo la oportunidad de entrevistarse con siete agencias de viajes y operadores tur\u00edsticos especializados en organizar viajes en bicicleta de carretera procedentes de Alemania, Austria, Francia, Irlanda y B\u00e9lgica. La acci\u00f3n se completaba con un peque\u00f1o c\u00f3ctel durante el cual tuvo lugar una sesi\u00f3n de <em>networking<\/em> entre las 35 empresas y destinos y los 15 agentes especializados que participaron en la acci\u00f3n.<\/p>\n<p>En esta ocasi\u00f3n, <a href=\"http:\/\/professionals.lloretdemar.org\/es\/\" target=\"_blank\" rel=\"noopener\">Lloret Turismo<\/a> estuvo acompa\u00f1ado de diferentes empresarios lloretenses que tambi\u00e9n participaron en la jornada de trabajo en representaci\u00f3n de sus establecimientos. Fue el caso de <a href=\"http:\/\/www.guitarthotels.com\/\" target=\"_blank\" rel=\"noopener\">Guitart Hotels<\/a>, <a href=\"http:\/\/www.sambahotels.com\/es\" target=\"_blank\" rel=\"noopener\">Samba Hotels<\/a>, <a href=\"http:\/\/www.evenia.travel\/es\/Inicio.html\" target=\"_blank\" rel=\"noopener\">Evenia Travel Services<\/a>, <a href=\"http:\/\/www.hotusa.es\/hoteles\/espana\/girona\/lloret-de-mar\/hotel-delamar.html?gclid=CPrhgpWqu80CFVQ_GwodPrEG4g\" target=\"_blank\" rel=\"noopener\">Hotel Delamar<\/a> y <a href=\"http:\/\/www.fenalsgarden.com\/es\/hotel-lloret-de-mar.html\" target=\"_blank\" rel=\"noopener\">Hotel Fenals Garden<\/a>; una serie de alojamientos que ya han llevado a cabo las mejoras requeridas para acoger cicloturistas como son tener un espacio cerrado para guardar las bicicletas o disponer de herramientas de mantenimiento y lavado.<\/p>\n<p>Al d\u00eda siguiente ocho de los participantes en la jornada de trabajo (<em>workshop<\/em>) de Holanda, Irlanda, Reino Unido, B\u00e9lgica y Estados Unidos iniciaron un viaje de familiarizaci\u00f3n que les llev\u00f3 a <a href=\"http:\/\/lloretdemar.org\/es\/\" target=\"_blank\" rel=\"noopener\">Lloret de Mar,<\/a> donde dispusieron de un d\u00eda para conocer la oferta especializada de la poblaci\u00f3n, visitar las instalaciones de algunos hoteles y saber m\u00e1s de <a href=\"http:\/\/lloretdemar.org\/es\/\" target=\"_blank\" rel=\"noopener\">Lloret<\/a> paseando y descubriendo su costa en barco.<\/p>\n<p>En palabras de Elizabeth Keegan, gerente de <a href=\"http:\/\/professionals.lloretdemar.org\/es\/\" target=\"_blank\" rel=\"noopener\">Lloret Turismo<\/a>: \u201cEl ciclismo de carretera es un producto que, como destino, nos resulta muy interesante ya que no requiere utilizar las instalaciones deportivas municipales, las cuales en algunas \u00e9pocas del a\u00f1o tenemos ya con una alta ocupaci\u00f3n. Este hecho nos permite acoger deportistas de esta disciplina durante todo el a\u00f1o, los cuales valoran muy positivamente tener al lado uno de los mejores recorridos de la zona para entrenar como es la carretera que va desde <a href=\"http:\/\/lloretdemar.org\/es\/\" target=\"_blank\" rel=\"noopener\">Lloret<\/a> hasta Sant Feliu de Gu\u00edxols pasando por Tossa.\u201d<\/p>\n<p>Actualmente <a href=\"http:\/\/lloretdemar.org\/es\/\" target=\"_blank\" rel=\"noopener\">Lloret de Mar<\/a> dispone de 15 alojamientos certificados por la <a href=\"http:\/\/act.gencat.cat\/?lang=es\" target=\"_blank\" rel=\"noopener\">Agencia Catalana de Turismo<\/a> como aptos para acoger ciclistas de carretera.\/<i>Noticia emitida por Lloret Turismo<\/i><\/p>\n","protected":false},"excerpt":{"rendered":"<p>Lloret Turismo particip\u00f3 en dos acciones que tuvieron lugar en Girona y en Lloret de Mar para promocionar la oferta espec\u00edfica de la ciudad enfocada al ciclismo de carretera. Esta modalidad deportiva en su vertiente tur\u00edstica est\u00e1 disfrutando de un crecimiento importante en los \u00faltimos a\u00f1os y la especializaci\u00f3n de destinos y alojamientos resulta clave &hellip;<\/p>\n","protected":false},"author":1,"featured_media":0,"comment_status":"closed","ping_status":"open","sticky":false,"template":"","format":"standard","meta":[],"categories":[62],"tags":[],"_links":{"self":[{"href":"https:\/\/www.comunicatur.info\/es\/wp-json\/wp\/v2\/posts\/8703"}],"collection":[{"href":"https:\/\/www.comunicatur.info\/es\/wp-json\/wp\/v2\/posts"}],"about":[{"href":"https:\/\/www.comunicatur.info\/es\/wp-json\/wp\/v2\/types\/post"}],"author":[{"embeddable":true,"href":"https:\/\/www.comunicatur.info\/es\/wp-json\/wp\/v2\/users\/1"}],"replies":[{"embeddable":true,"href":"https:\/\/www.comunicatur.info\/es\/wp-json\/wp\/v2\/comments?post=8703"}],"version-history":[{"count":1,"href":"https:\/\/www.comunicatur.info\/es\/wp-json\/wp\/v2\/posts\/8703\/revisions"}],"predecessor-version":[{"id":8704,"href":"https:\/\/www.comunicatur.info\/es\/wp-json\/wp\/v2\/posts\/8703\/revisions\/8704"}],"wp:attachment":[{"href":"https:\/\/www.comunicatur.info\/es\/wp-json\/wp\/v2\/media?parent=8703"}],"wp:term":[{"taxonomy":"category","embeddable":true,"href":"https:\/\/www.comunicatur.info\/es\/wp-json\/wp\/v2\/categories?post=8703"},{"taxonomy":"post_tag","embeddable":true,"href":"https:\/\/www.comunicatur.info\/es\/wp-json\/wp\/v2\/tags?post=8703"}],"curies":[{"name":"wp","href":"https:\/\/api.w.org\/{rel}","templated":true}]}}