{"id":8648,"date":"2016-06-21T00:00:05","date_gmt":"2016-06-20T22:00:05","guid":{"rendered":"https:\/\/comunicatur.info\/?p=8648"},"modified":"2016-06-23T11:26:47","modified_gmt":"2016-06-23T09:26:47","slug":"el-inversor-chino-de-bcn-world-no-confia-en-el-proyecto","status":"publish","type":"post","link":"https:\/\/www.comunicatur.info\/es\/el-inversor-chino-de-bcn-world-no-confia-en-el-proyecto\/","title":{"rendered":"El inversor chino de BCN World no conf\u00eda en el proyecto"},"content":{"rendered":"<p>La multinacional china Melco opina que el futuro del complejo BCN World es incierto. El retraso en el proyecto ha forzado a la empresa a informar a sus accionistas de la situaci\u00f3n de la inversi\u00f3n.<\/p>\n<p><!--more-->Contin\u00faa planeando las dudas sobre BCN World por la acumulaci\u00f3n de retrasos en el plan urban\u00edstico y por las discrepancias y equilibrios pol\u00edticos en Catalu\u00f1a. En este sentido, se ha manifestado Melco en la bolsa de Hong Kong donde cotiza: \u00abel desarrollo del proyecto es incierto, por la actual situaci\u00f3n pol\u00edtica de Catalu\u00f1a\u00bb.<\/p>\n<p>Es habitual que grandes inversiones de estas caracter\u00edsticas puedan generar controversia pero cuando la incertidumbre llega a los \u00e1mbitos pol\u00edticos el futuro se enturbia. Hay un riesgo claro de que BCN World no salga adelante. El mundo empresarial de la Costa Dorada es favorable, los municipios que lo acogen tambi\u00e9n, pero la necesidad de marcar perfiles pol\u00edticos diferenciados de las formaciones no ayuda.<\/p>\n<p>La Sociedad de Estudios Econ\u00f3micos de Tarragona inici\u00f3 una campa\u00f1a de recogida de firmas a favor del macro complejo que haga presi\u00f3n para que el proyecto salga adelante. Desde el \u00e1mbito municipal se est\u00e1 esbozando un manifiesto de consenso entre alcaldes del territorio. La intenci\u00f3n de los favorables es que quede claro que hay una parte muy importante de la sociedad que apoya BCN World y por tanto, se desencalle la tramitaci\u00f3n de licencias para que se desarrolle el proyecto que consideran beneficioso para el turismo. Estas manifestaciones p\u00fablicas buscan que sea innecesario realizar una consulta ciudadana que mida el consenso existente sobre el macro complejo tur\u00edstico. La consulta es una de las v\u00edas que los pol\u00edticos planteaban para desatascarlo.<\/p>\n<p>Las compa\u00f1\u00edas internacionales que cotizan en bolsa no est\u00e1n demasiado acostumbradas a tener pendiente de un hilo sus inversiones millonarias. \u00bfDurante cu\u00e1nto tiempo esperar\u00e1n las empresas inversoras de BCN World en que se desencalle? Melco puede cansarse de tanto esperar.<\/p>\n","protected":false},"excerpt":{"rendered":"<p>La multinacional china Melco opina que el futuro del complejo BCN World es incierto. El retraso en el proyecto ha forzado a la empresa a informar a sus accionistas de la situaci\u00f3n de la inversi\u00f3n. Contin\u00faa planeando las dudas sobre BCN World por la acumulaci\u00f3n de retrasos en el plan urban\u00edstico y por las discrepancias &hellip;<\/p>\n","protected":false},"author":1,"featured_media":0,"comment_status":"closed","ping_status":"open","sticky":false,"template":"","format":"standard","meta":[],"categories":[62,61],"tags":[],"_links":{"self":[{"href":"https:\/\/www.comunicatur.info\/es\/wp-json\/wp\/v2\/posts\/8648"}],"collection":[{"href":"https:\/\/www.comunicatur.info\/es\/wp-json\/wp\/v2\/posts"}],"about":[{"href":"https:\/\/www.comunicatur.info\/es\/wp-json\/wp\/v2\/types\/post"}],"author":[{"embeddable":true,"href":"https:\/\/www.comunicatur.info\/es\/wp-json\/wp\/v2\/users\/1"}],"replies":[{"embeddable":true,"href":"https:\/\/www.comunicatur.info\/es\/wp-json\/wp\/v2\/comments?post=8648"}],"version-history":[{"count":2,"href":"https:\/\/www.comunicatur.info\/es\/wp-json\/wp\/v2\/posts\/8648\/revisions"}],"predecessor-version":[{"id":8650,"href":"https:\/\/www.comunicatur.info\/es\/wp-json\/wp\/v2\/posts\/8648\/revisions\/8650"}],"wp:attachment":[{"href":"https:\/\/www.comunicatur.info\/es\/wp-json\/wp\/v2\/media?parent=8648"}],"wp:term":[{"taxonomy":"category","embeddable":true,"href":"https:\/\/www.comunicatur.info\/es\/wp-json\/wp\/v2\/categories?post=8648"},{"taxonomy":"post_tag","embeddable":true,"href":"https:\/\/www.comunicatur.info\/es\/wp-json\/wp\/v2\/tags?post=8648"}],"curies":[{"name":"wp","href":"https:\/\/api.w.org\/{rel}","templated":true}]}}