{"id":8615,"date":"2016-06-20T00:00:41","date_gmt":"2016-06-19T22:00:41","guid":{"rendered":"https:\/\/comunicatur.info\/?p=8615"},"modified":"2016-06-17T15:02:36","modified_gmt":"2016-06-17T13:02:36","slug":"el-distintivo-bandera-azul-llega-este-verano-a-98-playas-y-24-puertos-deportivos-catalanes","status":"publish","type":"post","link":"https:\/\/www.comunicatur.info\/es\/el-distintivo-bandera-azul-llega-este-verano-a-98-playas-y-24-puertos-deportivos-catalanes\/","title":{"rendered":"El distintivo Bandera Azul llega este verano a 98 playas y 24 puertos deportivos catalanes"},"content":{"rendered":"<p>Catalunya ha incrementado en nueve el n\u00famero de playas con bandera azul respecto a 2015. El jurado internacional Bandera Azul 2016 ha concedido 122 banderas en el destino, de las cuales 98 son para las playas y 24 para los puertos deportivos. Se incrementa en nueve el n\u00famero de playas galardonadas, que pasan de 89 en 2015 a las 98 de este a\u00f1o. En cuanto a los puertos, los 24 candidatos presentados a la edici\u00f3n 2016 obtienen la bandera azul.<\/p>\n<p><!--more-->El distintivo Bandera Azul la otorga la Fundaci\u00f3n de Educaci\u00f3n Ambiental, con la colaboraci\u00f3n de la Asociaci\u00f3n de Educaci\u00f3n Ambiental y del Consumidor (ADEAC), que gestiona la campa\u00f1a en Espa\u00f1a. Este galard\u00f3n, reconocido a nivel internacional, valora y premia la gesti\u00f3n ambiental y la seguridad, las instalaciones y la prestaci\u00f3n \u00f3ptima de los servicios y la informaci\u00f3n y la educaci\u00f3n ambiental. Asimismo, exige a las playas una calidad del agua excelente y los puertos, una excelente gesti\u00f3n ambiental.<\/p>\n<p>Algunas voces cr\u00edticas recuerdan que Adeac no es ning\u00fan organismo p\u00fablico europeo, sino una entidad privada. Tambi\u00e9n critican algunos de los criterios para conseguir la bandera, no siempre exigentes. El consejero de Medio Ambiente de Baleares, Vicen\u00e7 Vidal, recuerda que las banderas azules no representan la calidad del agua porque los par\u00e1metros del sello piensan en aspectos de accesibilidad y de servicios. Algunos municipios hace tiempo que renunciaron al distintivo.<\/p>\n<p>Durante el verano de 2015 el 97% de las zonas de ba\u00f1o litorales (242 puntos de control) ha obtenido una calidad microbiol\u00f3gica del agua excelente, seg\u00fan el balance de final de temporada de ba\u00f1o llevado a cabo por la Agencia Catalana del Agua. El 3% restante de zonas de ba\u00f1o (8 puntos de control) ha obtenido una calidad buena, mientras que ninguna zona ha sido insuficiente.<\/p>\n<p>La obtenci\u00f3n de esta calificaci\u00f3n es el resultado de las medidas de gesti\u00f3n en las zonas de ba\u00f1o y de las mejoras en los sistemas de saneamiento implantados en los municipios costeros.<\/p>\n<p>Consulta el <a href=\"http:\/\/premsa.gencat.cat\/pres_fsvp\/docs\/2016\/05\/18\/12\/13\/0a80d1ee-af1a-449e-87d7-ff812ef9f38e.pdf\" target=\"_blank\" rel=\"noopener\">listado de playas con bandera azul en Catalu\u00f1a<\/a><\/p>\n","protected":false},"excerpt":{"rendered":"<p>Catalunya ha incrementado en nueve el n\u00famero de playas con bandera azul respecto a 2015. El jurado internacional Bandera Azul 2016 ha concedido 122 banderas en el destino, de las cuales 98 son para las playas y 24 para los puertos deportivos. Se incrementa en nueve el n\u00famero de playas galardonadas, que pasan de 89 &hellip;<\/p>\n","protected":false},"author":1,"featured_media":0,"comment_status":"closed","ping_status":"open","sticky":false,"template":"","format":"standard","meta":[],"categories":[62],"tags":[],"_links":{"self":[{"href":"https:\/\/www.comunicatur.info\/es\/wp-json\/wp\/v2\/posts\/8615"}],"collection":[{"href":"https:\/\/www.comunicatur.info\/es\/wp-json\/wp\/v2\/posts"}],"about":[{"href":"https:\/\/www.comunicatur.info\/es\/wp-json\/wp\/v2\/types\/post"}],"author":[{"embeddable":true,"href":"https:\/\/www.comunicatur.info\/es\/wp-json\/wp\/v2\/users\/1"}],"replies":[{"embeddable":true,"href":"https:\/\/www.comunicatur.info\/es\/wp-json\/wp\/v2\/comments?post=8615"}],"version-history":[{"count":1,"href":"https:\/\/www.comunicatur.info\/es\/wp-json\/wp\/v2\/posts\/8615\/revisions"}],"predecessor-version":[{"id":8616,"href":"https:\/\/www.comunicatur.info\/es\/wp-json\/wp\/v2\/posts\/8615\/revisions\/8616"}],"wp:attachment":[{"href":"https:\/\/www.comunicatur.info\/es\/wp-json\/wp\/v2\/media?parent=8615"}],"wp:term":[{"taxonomy":"category","embeddable":true,"href":"https:\/\/www.comunicatur.info\/es\/wp-json\/wp\/v2\/categories?post=8615"},{"taxonomy":"post_tag","embeddable":true,"href":"https:\/\/www.comunicatur.info\/es\/wp-json\/wp\/v2\/tags?post=8615"}],"curies":[{"name":"wp","href":"https:\/\/api.w.org\/{rel}","templated":true}]}}