{"id":8611,"date":"2016-06-13T00:00:01","date_gmt":"2016-06-12T22:00:01","guid":{"rendered":"https:\/\/comunicatur.info\/?p=8611"},"modified":"2016-06-13T19:54:59","modified_gmt":"2016-06-13T17:54:59","slug":"los-clientes-de-los-alojamientos-rurales-son-autoctonos","status":"publish","type":"post","link":"https:\/\/www.comunicatur.info\/es\/los-clientes-de-los-alojamientos-rurales-son-autoctonos\/","title":{"rendered":"Los clientes de los alojamientos rurales son aut\u00f3ctonos"},"content":{"rendered":"<p>Los viajeros que eligen Catalu\u00f1a para hacer una escapada rural son principalmente catalanes. Sin embargo, se observa que a los alojamientos rurales catalanes llega un mayor n\u00famero de turistas internacionales en comparaci\u00f3n con la media espa\u00f1ola (11,6% frente al 6,8%), seg\u00fan los datos del Observatorio del Turismo Rural sobre el sector en Catalu\u00f1a.<\/p>\n<p><!--more-->Los datos del estudio dicen que el 87,4% de los clientes nacionales suelen practicar este tipo de turismo entre una y tres veces al a\u00f1o y el 85,6% de ellos prefieren los fines de semana para hacerlo. Tambi\u00e9n indica que un 42,2% de los turistas hacen las reservas con m\u00e1s de un mes de antelaci\u00f3n y un 65,9% afirma que hace la b\u00fasqueda de alojamiento a trav\u00e9s de portales especializados.<\/p>\n<p>Estos datos, que han sido facilitados por Escapadarural.com, aseguran que la media de edad del viajero es de 42 a\u00f1os y el 45,5% viaja en familia. En cuanto al gasto por persona y d\u00eda, la mayor\u00eda de los clientes del turismo rural catal\u00e1n asigna un promedio de entre 20 y 29 euros diarios al alojamiento.<\/p>\n<p>Siguiendo con el estudio el 36,5% de los empresarios catalanes dedicados al turismo rural no compatibiliza su dedicaci\u00f3n al alojamiento con otra actividad laboral, lo que supone que los propietarios catalanes superan en 5 puntos la dedicaci\u00f3n exclusiva a su negocio de turismo rural respecto a la media espa\u00f1ola.<\/p>\n<p>En pol\u00edtica de precios, los alojamientos rurales catalanes no han bajado tanto los precios como los del resto de Espa\u00f1a (el 23,3% frente al 30%). Incluso un 14,1% de los propietarios de establecimientos de turismo rural dicen que ha subido precios en el \u00faltimo a\u00f1o, 4 puntos m\u00e1s que la media nacional.<\/p>\n<p>Las principales preocupaciones de los propietarios son la estacionalidad (57,4%), el exceso de oferta (52,5%), la falta de promoci\u00f3n para atraer clientes extranjeros (49,7%) y la ilegalidad (49,5%).<\/p>\n","protected":false},"excerpt":{"rendered":"<p>Los viajeros que eligen Catalu\u00f1a para hacer una escapada rural son principalmente catalanes. Sin embargo, se observa que a los alojamientos rurales catalanes llega un mayor n\u00famero de turistas internacionales en comparaci\u00f3n con la media espa\u00f1ola (11,6% frente al 6,8%), seg\u00fan los datos del Observatorio del Turismo Rural sobre el sector en Catalu\u00f1a. Los datos &hellip;<\/p>\n","protected":false},"author":1,"featured_media":0,"comment_status":"closed","ping_status":"open","sticky":false,"template":"","format":"standard","meta":[],"categories":[59,74],"tags":[],"_links":{"self":[{"href":"https:\/\/www.comunicatur.info\/es\/wp-json\/wp\/v2\/posts\/8611"}],"collection":[{"href":"https:\/\/www.comunicatur.info\/es\/wp-json\/wp\/v2\/posts"}],"about":[{"href":"https:\/\/www.comunicatur.info\/es\/wp-json\/wp\/v2\/types\/post"}],"author":[{"embeddable":true,"href":"https:\/\/www.comunicatur.info\/es\/wp-json\/wp\/v2\/users\/1"}],"replies":[{"embeddable":true,"href":"https:\/\/www.comunicatur.info\/es\/wp-json\/wp\/v2\/comments?post=8611"}],"version-history":[{"count":1,"href":"https:\/\/www.comunicatur.info\/es\/wp-json\/wp\/v2\/posts\/8611\/revisions"}],"predecessor-version":[{"id":8612,"href":"https:\/\/www.comunicatur.info\/es\/wp-json\/wp\/v2\/posts\/8611\/revisions\/8612"}],"wp:attachment":[{"href":"https:\/\/www.comunicatur.info\/es\/wp-json\/wp\/v2\/media?parent=8611"}],"wp:term":[{"taxonomy":"category","embeddable":true,"href":"https:\/\/www.comunicatur.info\/es\/wp-json\/wp\/v2\/categories?post=8611"},{"taxonomy":"post_tag","embeddable":true,"href":"https:\/\/www.comunicatur.info\/es\/wp-json\/wp\/v2\/tags?post=8611"}],"curies":[{"name":"wp","href":"https:\/\/api.w.org\/{rel}","templated":true}]}}