{"id":8551,"date":"2016-05-26T00:00:21","date_gmt":"2016-05-25T22:00:21","guid":{"rendered":"https:\/\/comunicatur.info\/?p=8551"},"modified":"2016-05-26T11:37:53","modified_gmt":"2016-05-26T09:37:53","slug":"la-adaptacion-al-nuevo-turismo-rural-lema-del-iii-congreso-europeo-de-turismo-rural-coetur","status":"publish","type":"post","link":"https:\/\/www.comunicatur.info\/es\/la-adaptacion-al-nuevo-turismo-rural-lema-del-iii-congreso-europeo-de-turismo-rural-coetur\/","title":{"rendered":"La adaptaci\u00f3n al nuevo turismo rural, lema del III Congreso Europeo de Turismo Rural COETUR"},"content":{"rendered":"<p>Escapadarural.com, el portal cuya oferta representa la mayor parte de los alojamientos rurales del pa\u00eds, ha convocado de nuevo a los empresarios del sector en COETUR, III Congreso Europeo de Turismo Rural. Bajo el lema \u201cEl nuevo turismo rural, \u00bfc\u00f3mo me adapto?\u201d, los organizadores pretenden enfrentar a los empresarios a una necesidad de cambio, orient\u00e1ndolos hacia una gesti\u00f3n m\u00e1s estrat\u00e9gica de su negocio y a una adaptaci\u00f3n al nuevo perfil de cliente. El Congreso, organizado por Escapadarural.com junto al Patronato de Turismo de Granada y su Escuela Internacional de Turismo, se llevar\u00e1 a cabo los d\u00edas 31 de mayo y 1 de junio en Granada. El Congreso cuenta con <a href=\"https:\/\/www.comunicatur.info\/es\/\">Comunicatur<\/a> como colaborador.<\/p>\n<p>El Congreso dispone de p\u00e1gina Web propia a trav\u00e9s de la cual los interesados pueden inscribirse <a href=\"http:\/\/www.coetur.com\/\" target=\"_blank\" rel=\"noopener\">www.coetur.com<\/a> para participar y conocer m\u00e1s detalles de las jornadas.<\/p>\n","protected":false},"excerpt":{"rendered":"<p>Escapadarural.com, el portal cuya oferta representa la mayor parte de los alojamientos rurales del pa\u00eds, ha convocado de nuevo a los empresarios del sector en COETUR, III Congreso Europeo de Turismo Rural. Bajo el lema \u201cEl nuevo turismo rural, \u00bfc\u00f3mo me adapto?\u201d, los organizadores pretenden enfrentar a los empresarios a una necesidad de cambio, orient\u00e1ndolos &hellip;<\/p>\n","protected":false},"author":1,"featured_media":0,"comment_status":"closed","ping_status":"open","sticky":false,"template":"","format":"standard","meta":[],"categories":[63],"tags":[],"_links":{"self":[{"href":"https:\/\/www.comunicatur.info\/es\/wp-json\/wp\/v2\/posts\/8551"}],"collection":[{"href":"https:\/\/www.comunicatur.info\/es\/wp-json\/wp\/v2\/posts"}],"about":[{"href":"https:\/\/www.comunicatur.info\/es\/wp-json\/wp\/v2\/types\/post"}],"author":[{"embeddable":true,"href":"https:\/\/www.comunicatur.info\/es\/wp-json\/wp\/v2\/users\/1"}],"replies":[{"embeddable":true,"href":"https:\/\/www.comunicatur.info\/es\/wp-json\/wp\/v2\/comments?post=8551"}],"version-history":[{"count":1,"href":"https:\/\/www.comunicatur.info\/es\/wp-json\/wp\/v2\/posts\/8551\/revisions"}],"predecessor-version":[{"id":8552,"href":"https:\/\/www.comunicatur.info\/es\/wp-json\/wp\/v2\/posts\/8551\/revisions\/8552"}],"wp:attachment":[{"href":"https:\/\/www.comunicatur.info\/es\/wp-json\/wp\/v2\/media?parent=8551"}],"wp:term":[{"taxonomy":"category","embeddable":true,"href":"https:\/\/www.comunicatur.info\/es\/wp-json\/wp\/v2\/categories?post=8551"},{"taxonomy":"post_tag","embeddable":true,"href":"https:\/\/www.comunicatur.info\/es\/wp-json\/wp\/v2\/tags?post=8551"}],"curies":[{"name":"wp","href":"https:\/\/api.w.org\/{rel}","templated":true}]}}