{"id":8437,"date":"2016-04-29T00:00:20","date_gmt":"2016-04-28T22:00:20","guid":{"rendered":"https:\/\/comunicatur.info\/?p=8437"},"modified":"2016-05-02T22:16:38","modified_gmt":"2016-05-02T20:16:38","slug":"andorra-airlines-pincha-antes-de-empezar","status":"publish","type":"post","link":"https:\/\/www.comunicatur.info\/es\/andorra-airlines-pincha-antes-de-empezar\/","title":{"rendered":"Andorra Airlines pincha antes de empezar"},"content":{"rendered":"<p>El Aeropuerto Andorra-la Seu d&#8217;Urgell se queda sin la operativa regular de sus instalaciones por los problemas de la nueva compa\u00f1\u00eda Andorra Airlines. Los vuelos tendr\u00e1n que esperar puesto que la aerol\u00ednea ha anunciado la anulaci\u00f3n del\u00a0 primer vuelo y bloquea la reserva de billetes.<\/p>\n<p><!--more-->El retraso y la imposibilidad de comprar billetes en su web est\u00e1n poniendo en riesgo la credibilidad de Andorra Airlines. La compa\u00f1\u00eda declara que mantiene su proyecto y que se trata de un retraso en la fecha del vuelo inaugural que hab\u00edan previsto para el 30 de abril. Han lamentado la confusi\u00f3n generada entre los posibles clientes.<\/p>\n<p>El pasado mes de febrero los promotores de esta nueva compa\u00f1\u00eda presentaron sus planes a\u00e9reos y calendarios. Tal y como inform\u00f3 Comunicatur, esta <a title=\"El Aeropuerto de Andorra-la Seu provoca el nacimiento de una aerol\u00ednea para conectarse con el mundo\" href=\"https:\/\/www.comunicatur.info\/es\/el-aeropuerto-de-andorra-la-seu-provoca-el-nacimiento-de-una-aerolinea-para-conectarse-con-el-mundo\/\" target=\"_blank\">iniciativa provocaba que el Aeropuerto de Andorra- la Seu tuviera una aerol\u00ednea nueva y con base permanente<\/a>. La viabilidad del proyecto est\u00e1 en entredicho.<\/p>\n<p>El nuevo calendario presentado por los propietarios apunta a finales de mayo para volver a la venta los billetes v\u00eda web. Mantienen la intenci\u00f3n de operar vuelos regulares desde mediados de junio. Concretamente dos vuelos semanales a Oporto y Madrid y uno a Palma de Mallorca. Un mes m\u00e1s tarde, en julio, abrir\u00edan la ruta semanal con Par\u00eds.<\/p>\n<p>Seg\u00fan fuentes del aeropuerto consultadas por algunos medios de comunicaci\u00f3n, desconocen cuando empezar\u00e1 a operar Andorra Airlines. Otros medios tambi\u00e9n informan que la empresa no ha podido disponer del capital necesario para adquirir su primera aeronave.<\/p>\n","protected":false},"excerpt":{"rendered":"<p>El Aeropuerto Andorra-la Seu d&#8217;Urgell se queda sin la operativa regular de sus instalaciones por los problemas de la nueva compa\u00f1\u00eda Andorra Airlines. Los vuelos tendr\u00e1n que esperar puesto que la aerol\u00ednea ha anunciado la anulaci\u00f3n del\u00a0 primer vuelo y bloquea la reserva de billetes. El retraso y la imposibilidad de comprar billetes en su &hellip;<\/p>\n","protected":false},"author":1,"featured_media":0,"comment_status":"closed","ping_status":"open","sticky":false,"template":"","format":"standard","meta":[],"categories":[65],"tags":[],"_links":{"self":[{"href":"https:\/\/www.comunicatur.info\/es\/wp-json\/wp\/v2\/posts\/8437"}],"collection":[{"href":"https:\/\/www.comunicatur.info\/es\/wp-json\/wp\/v2\/posts"}],"about":[{"href":"https:\/\/www.comunicatur.info\/es\/wp-json\/wp\/v2\/types\/post"}],"author":[{"embeddable":true,"href":"https:\/\/www.comunicatur.info\/es\/wp-json\/wp\/v2\/users\/1"}],"replies":[{"embeddable":true,"href":"https:\/\/www.comunicatur.info\/es\/wp-json\/wp\/v2\/comments?post=8437"}],"version-history":[{"count":1,"href":"https:\/\/www.comunicatur.info\/es\/wp-json\/wp\/v2\/posts\/8437\/revisions"}],"predecessor-version":[{"id":8438,"href":"https:\/\/www.comunicatur.info\/es\/wp-json\/wp\/v2\/posts\/8437\/revisions\/8438"}],"wp:attachment":[{"href":"https:\/\/www.comunicatur.info\/es\/wp-json\/wp\/v2\/media?parent=8437"}],"wp:term":[{"taxonomy":"category","embeddable":true,"href":"https:\/\/www.comunicatur.info\/es\/wp-json\/wp\/v2\/categories?post=8437"},{"taxonomy":"post_tag","embeddable":true,"href":"https:\/\/www.comunicatur.info\/es\/wp-json\/wp\/v2\/tags?post=8437"}],"curies":[{"name":"wp","href":"https:\/\/api.w.org\/{rel}","templated":true}]}}