{"id":8409,"date":"2016-04-22T00:00:01","date_gmt":"2016-04-21T22:00:01","guid":{"rendered":"https:\/\/comunicatur.info\/?p=8409"},"modified":"2016-04-27T23:45:29","modified_gmt":"2016-04-27T21:45:29","slug":"las-agencias-de-viajes-esperan-vender-bastante-mas-este-verano","status":"publish","type":"post","link":"https:\/\/www.comunicatur.info\/es\/las-agencias-de-viajes-esperan-vender-bastante-mas-este-verano\/","title":{"rendered":"Las agencias de viajes esperan vender bastante m\u00e1s este verano"},"content":{"rendered":"<p>ACAVE, Asociaci\u00f3n Corporativa de Agencias de Viajes Especializados, ha anunciado su previsi\u00f3n para este verano. Los clientes est\u00e1n avanzando sus reservas, unas ventas que podr\u00edan aumentar hasta el 8%.<\/p>\n<p><!--more-->La temporada de verano del 2016 seguir\u00e1 la senda positiva del pasado a\u00f1o y concluye as\u00ed un ciclo negativo. La recuperaci\u00f3n de los viajes de larga distancia y la b\u00fasqueda de propuestas de calidad son las caracter\u00edsticas de este a\u00f1o, por encima del factor precio. Los destinos que acumulan m\u00e1s reservas son los cl\u00e1sicos pero si se ha notado una consolidaci\u00f3n de los cruceros como opci\u00f3n de vacaciones.<\/p>\n<p>Las costas espa\u00f1olas tendr\u00e1n un pleno y eso puede ayudar tambi\u00e9n a destinos de interior. Incluso el Caribe puede ser un destino alternativo ante el lleno de las playas del pa\u00eds.<\/p>\n<p>Con estas previsiones ACAVE se muestra optimista. Adem\u00e1s no detectan que los atentados hayan frenado la demanda espa\u00f1ola para visitar ciudades europeas. Los responsables de la asociaci\u00f3n recuerdan que Par\u00eds ha sido uno de los destinos m\u00e1s solicitados en la pasada Semana Santa.<\/p>\n","protected":false},"excerpt":{"rendered":"<p>ACAVE, Asociaci\u00f3n Corporativa de Agencias de Viajes Especializados, ha anunciado su previsi\u00f3n para este verano. Los clientes est\u00e1n avanzando sus reservas, unas ventas que podr\u00edan aumentar hasta el 8%. La temporada de verano del 2016 seguir\u00e1 la senda positiva del pasado a\u00f1o y concluye as\u00ed un ciclo negativo. La recuperaci\u00f3n de los viajes de larga &hellip;<\/p>\n","protected":false},"author":1,"featured_media":0,"comment_status":"closed","ping_status":"open","sticky":false,"template":"","format":"standard","meta":[],"categories":[66],"tags":[],"_links":{"self":[{"href":"https:\/\/www.comunicatur.info\/es\/wp-json\/wp\/v2\/posts\/8409"}],"collection":[{"href":"https:\/\/www.comunicatur.info\/es\/wp-json\/wp\/v2\/posts"}],"about":[{"href":"https:\/\/www.comunicatur.info\/es\/wp-json\/wp\/v2\/types\/post"}],"author":[{"embeddable":true,"href":"https:\/\/www.comunicatur.info\/es\/wp-json\/wp\/v2\/users\/1"}],"replies":[{"embeddable":true,"href":"https:\/\/www.comunicatur.info\/es\/wp-json\/wp\/v2\/comments?post=8409"}],"version-history":[{"count":1,"href":"https:\/\/www.comunicatur.info\/es\/wp-json\/wp\/v2\/posts\/8409\/revisions"}],"predecessor-version":[{"id":8410,"href":"https:\/\/www.comunicatur.info\/es\/wp-json\/wp\/v2\/posts\/8409\/revisions\/8410"}],"wp:attachment":[{"href":"https:\/\/www.comunicatur.info\/es\/wp-json\/wp\/v2\/media?parent=8409"}],"wp:term":[{"taxonomy":"category","embeddable":true,"href":"https:\/\/www.comunicatur.info\/es\/wp-json\/wp\/v2\/categories?post=8409"},{"taxonomy":"post_tag","embeddable":true,"href":"https:\/\/www.comunicatur.info\/es\/wp-json\/wp\/v2\/tags?post=8409"}],"curies":[{"name":"wp","href":"https:\/\/api.w.org\/{rel}","templated":true}]}}