{"id":8243,"date":"2016-03-10T00:00:57","date_gmt":"2016-03-09T23:00:57","guid":{"rendered":"https:\/\/comunicatur.info\/?p=8243"},"modified":"2016-03-09T18:08:16","modified_gmt":"2016-03-09T17:08:16","slug":"preocupa-el-comportamiento-del-mercado-emisor-aleman","status":"publish","type":"post","link":"https:\/\/www.comunicatur.info\/es\/preocupa-el-comportamiento-del-mercado-emisor-aleman\/","title":{"rendered":"Preocupa el comportamiento del mercado emisor alem\u00e1n"},"content":{"rendered":"<p>El turismo alem\u00e1n muestra signos de agotamiento en la costa peninsular espa\u00f1ola y muy especialmente en Catalu\u00f1a. En la feria ITB de Berl\u00edn el sector busca recuperar la fuerza de uno de los principales mercados emisores del mundo.<\/p>\n<p><!--more-->El 77% de la poblaci\u00f3n alemana realiza alg\u00fan viaje vacacional al a\u00f1o, y de estos, dos terceras partes los hacen al extranjero. Adem\u00e1s se trata del tercer pa\u00eds que m\u00e1s gasta en turismo. Durante el 2015, por primera vez en la \u00faltima d\u00e9cada, los alemanes han reducido el -3% sus viajes.<\/p>\n<p>Hasta 25,4 millones de turistas alemanes viajan a los pa\u00edses mediterr\u00e1neos donde Espa\u00f1a contin\u00faa siendo el 1\u00aa destino internacional. Muy atra\u00eddos por el sol y playa, la costa catalana, andaluza y valenciana se encuentran entre sus destinos preferidos. Cap\u00edtulo aparte para las Islas Baleares que concentra el 40% del turismo alem\u00e1n de todo el Estado. En la feria ITB de Berl\u00edn las empresas catalanas quieren frenar el descenso de este mercado tan importante. El balance es muy preocupante. El a\u00f1o pasado cay\u00f3 en Catalu\u00f1a mucho m\u00e1s que en el resto de Espa\u00f1a. Los turistas disminuyeron un -8,6% y el gasto -17,9%. En Espa\u00f1a la ca\u00edda fue menos acentuada, un -1,2% el n\u00famero de turistas y un -1,9% en el gasto.<\/p>\n<p>El comportamiento del turismo alem\u00e1n para el presente a\u00f1o debe ser positivo. Los turoperadores deben reubicar un contingente de clientes desviados de Turqu\u00eda debido a la situaci\u00f3n de inestabilidad de aquel pa\u00eds. Las reservas de asientos a\u00e9reos se ha incrementado desde enero, s\u00edntoma que la demanda hacia Espa\u00f1a se puede recuperar. Lo preocupante es que este 2016 la tendencia a la baja contin\u00faa en Catalu\u00f1a con un -0,6% el n\u00famero de turistas, pero el que es m\u00e1s preocupante, un -9,5 el gasto.<\/p>\n<p>La propuesta de Catalu\u00f1a para seducir a los operadores tur\u00edsticos en la ITB pivota en el turismo enogastron\u00f3mico, los city breaks, el ciclismo en carretera y el turismo familiar.<\/p>\n","protected":false},"excerpt":{"rendered":"<p>El turismo alem\u00e1n muestra signos de agotamiento en la costa peninsular espa\u00f1ola y muy especialmente en Catalu\u00f1a. En la feria ITB de Berl\u00edn el sector busca recuperar la fuerza de uno de los principales mercados emisores del mundo. El 77% de la poblaci\u00f3n alemana realiza alg\u00fan viaje vacacional al a\u00f1o, y de estos, dos terceras &hellip;<\/p>\n","protected":false},"author":1,"featured_media":0,"comment_status":"closed","ping_status":"open","sticky":false,"template":"","format":"standard","meta":[],"categories":[64],"tags":[],"_links":{"self":[{"href":"https:\/\/www.comunicatur.info\/es\/wp-json\/wp\/v2\/posts\/8243"}],"collection":[{"href":"https:\/\/www.comunicatur.info\/es\/wp-json\/wp\/v2\/posts"}],"about":[{"href":"https:\/\/www.comunicatur.info\/es\/wp-json\/wp\/v2\/types\/post"}],"author":[{"embeddable":true,"href":"https:\/\/www.comunicatur.info\/es\/wp-json\/wp\/v2\/users\/1"}],"replies":[{"embeddable":true,"href":"https:\/\/www.comunicatur.info\/es\/wp-json\/wp\/v2\/comments?post=8243"}],"version-history":[{"count":1,"href":"https:\/\/www.comunicatur.info\/es\/wp-json\/wp\/v2\/posts\/8243\/revisions"}],"predecessor-version":[{"id":8244,"href":"https:\/\/www.comunicatur.info\/es\/wp-json\/wp\/v2\/posts\/8243\/revisions\/8244"}],"wp:attachment":[{"href":"https:\/\/www.comunicatur.info\/es\/wp-json\/wp\/v2\/media?parent=8243"}],"wp:term":[{"taxonomy":"category","embeddable":true,"href":"https:\/\/www.comunicatur.info\/es\/wp-json\/wp\/v2\/categories?post=8243"},{"taxonomy":"post_tag","embeddable":true,"href":"https:\/\/www.comunicatur.info\/es\/wp-json\/wp\/v2\/tags?post=8243"}],"curies":[{"name":"wp","href":"https:\/\/api.w.org\/{rel}","templated":true}]}}