{"id":8229,"date":"2016-03-08T00:00:30","date_gmt":"2016-03-07T23:00:30","guid":{"rendered":"https:\/\/comunicatur.info\/?p=8229"},"modified":"2016-03-28T21:51:52","modified_gmt":"2016-03-28T20:51:52","slug":"madrid-reabre-el-debate-de-la-tasa-turistica","status":"publish","type":"post","link":"https:\/\/www.comunicatur.info\/es\/madrid-reabre-el-debate-de-la-tasa-turistica\/","title":{"rendered":"Madrid reabre el debate de la tasa tur\u00edstica"},"content":{"rendered":"<p>El Ayuntamiento de Madrid mantiene su posici\u00f3n favorable a implantar una tasa tur\u00edstica en la ciudad. La pol\u00e9mica ha vuelto a activarse tras la presentaci\u00f3n del nuevo plan estrat\u00e9gico tur\u00edstico de Madrid de la Asociaci\u00f3n de Turismo de Madrid (ATM).<\/p>\n<p><!--more-->La Asociaci\u00f3n naci\u00f3 con la intenci\u00f3n de sumar a Ayuntamiento y Comunidad, junto al sector privado, en la promoci\u00f3n tur\u00edstica de Madrid. Pero una primera discrepancia ha saltado al posicionarse el consistorio a favor de un gravamen mientras que el gobierno de la Comunidad se opone rotundamente. La falta de recursos econ\u00f3micos es una de las razones que animan al ayuntamiento a proponerlo, siguiendo la estela de Catalu\u00f1a y las Baleares. Aclaran que todo lo recaudado se destinar\u00eda al turismo y podr\u00eda financiar a la Asociaci\u00f3n encargada de la promoci\u00f3n como ocurre en Barcelona.<\/p>\n<p>Un tributo que genere recursos para proyectar internacionalmente el destino Madrid encajar\u00eda en la l\u00ednea de trabajo del Plan Estrat\u00e9gico 2015-2019 de la ATM. Su presidente, Javier G\u00f3mez Navarro, recuerda que este tipo de tasas se aplican en todas las ciudades tur\u00edsticas del mundo. La ATM lanzar\u00e1 una marca \u00fanica para el conjunto de Madrid y se ha marcado como objetivo aumentar un 30% el n\u00famero de turistas, un 50% el gasto y desestacionalizar el destino incrementando un 20% los turistas en temporada baja.<\/p>\n<p>Esta estrategia convertir\u00eda a la capital y su regi\u00f3n en uno de los cinco destinos m\u00e1s importantes de Europa en 2019. Para ello tambi\u00e9n debe ganar cuota de turismo internacional ya que actualmente la dependencia del mercado espa\u00f1ol es muy alta.<\/p>\n<p>Para tirar adelante esta estrategia se necesitan recursos y los empresarios, contrarios a la implantaci\u00f3n de una tasa, temen que <a title=\"Madrid y Baleares podr\u00edan sumarse a Catalu\u00f1a a implantar una tasa tur\u00edstica\" href=\"https:\/\/www.comunicatur.info\/es\/madrid-y-baleares-podrian-sumarse-cataluna-implantar-una-tasa-turistica\/\" target=\"_blank\">se reabra un debate que nunca ha acabado de cerrarse<\/a>.<\/p>\n","protected":false},"excerpt":{"rendered":"<p>El Ayuntamiento de Madrid mantiene su posici\u00f3n favorable a implantar una tasa tur\u00edstica en la ciudad. La pol\u00e9mica ha vuelto a activarse tras la presentaci\u00f3n del nuevo plan estrat\u00e9gico tur\u00edstico de Madrid de la Asociaci\u00f3n de Turismo de Madrid (ATM). La Asociaci\u00f3n naci\u00f3 con la intenci\u00f3n de sumar a Ayuntamiento y Comunidad, junto al sector &hellip;<\/p>\n","protected":false},"author":1,"featured_media":0,"comment_status":"closed","ping_status":"open","sticky":false,"template":"","format":"standard","meta":[],"categories":[62],"tags":[],"_links":{"self":[{"href":"https:\/\/www.comunicatur.info\/es\/wp-json\/wp\/v2\/posts\/8229"}],"collection":[{"href":"https:\/\/www.comunicatur.info\/es\/wp-json\/wp\/v2\/posts"}],"about":[{"href":"https:\/\/www.comunicatur.info\/es\/wp-json\/wp\/v2\/types\/post"}],"author":[{"embeddable":true,"href":"https:\/\/www.comunicatur.info\/es\/wp-json\/wp\/v2\/users\/1"}],"replies":[{"embeddable":true,"href":"https:\/\/www.comunicatur.info\/es\/wp-json\/wp\/v2\/comments?post=8229"}],"version-history":[{"count":1,"href":"https:\/\/www.comunicatur.info\/es\/wp-json\/wp\/v2\/posts\/8229\/revisions"}],"predecessor-version":[{"id":8230,"href":"https:\/\/www.comunicatur.info\/es\/wp-json\/wp\/v2\/posts\/8229\/revisions\/8230"}],"wp:attachment":[{"href":"https:\/\/www.comunicatur.info\/es\/wp-json\/wp\/v2\/media?parent=8229"}],"wp:term":[{"taxonomy":"category","embeddable":true,"href":"https:\/\/www.comunicatur.info\/es\/wp-json\/wp\/v2\/categories?post=8229"},{"taxonomy":"post_tag","embeddable":true,"href":"https:\/\/www.comunicatur.info\/es\/wp-json\/wp\/v2\/tags?post=8229"}],"curies":[{"name":"wp","href":"https:\/\/api.w.org\/{rel}","templated":true}]}}