{"id":8184,"date":"2016-02-24T00:00:22","date_gmt":"2016-02-23T23:00:22","guid":{"rendered":"https:\/\/comunicatur.info\/?p=8184"},"modified":"2016-02-23T19:03:14","modified_gmt":"2016-02-23T18:03:14","slug":"los-vuelos-de-bajo-coste-aportan-2-de-cada-3-pasajeros-que-llegan-a-cataluna","status":"publish","type":"post","link":"https:\/\/www.comunicatur.info\/es\/los-vuelos-de-bajo-coste-aportan-2-de-cada-3-pasajeros-que-llegan-a-cataluna\/","title":{"rendered":"Los vuelos de bajo coste aportan 2 de cada 3 pasajeros que llegan a Catalu\u00f1a"},"content":{"rendered":"<p>Los aeropuertos catalanes tienen la dependencia m\u00e1s elevada del bajo coste de Espa\u00f1a. Catalu\u00f1a es el primer destino estatal en n\u00famero de entrada de pasajeros de vuelos internacionales en compa\u00f1\u00edas de bajo coste. Concentra alrededor del 30% del total de pasajeros, seguida de Andaluc\u00eda que recibe poco m\u00e1s de un 14%.<\/p>\n<p><!--more-->Los visitantes internacionales que llegan en vuelos de bajo coste a Catalu\u00f1a han subido un 8,7% mientras que los extranjeros que utilizan las compa\u00f1\u00edas tradicionales han bajado un -2,2%. Estos datos anuales se han repetido en el mes de enero de 2016. En este mes, Catalu\u00f1a ha recibido alrededor de 894.400 pasajeros de vuelos internacionales. El 64,4% de las llegadas ha sido en compa\u00f1\u00edas de bajo coste y el 35,6% restante, a trav\u00e9s de compa\u00f1\u00edas tradicionales.<\/p>\n<p>Y es que 2 de cada 3 viajeros llegados en un a\u00f1o son en low cost, un dato que contrasta con el destino de Madrid donde s\u00f3lo 1 de cada 4 llega en esta tipolog\u00eda de compa\u00f1\u00edas. En la Comunidad de Madrid el 75% de los pasajeros corresponden a aerol\u00edneas tradicionales.<\/p>\n<p>Sobre compa\u00f1\u00edas tradicionales, Catalu\u00f1a ha ocupado la tercera posici\u00f3n del estado en el mes de enero, con 318.000 entradas recibiendo 1 de cada 5 pasajeros de esta modalidad. Es el tercer destino en entradas por v\u00eda a\u00e9rea por detr\u00e1s de la Comunidad de Madrid y las Canarias con una cuota del 14,2% del total. Este comportamiento de enero est\u00e1 en sinton\u00eda con la de todo el a\u00f1o. En 2015 Catalu\u00f1a ocupaba la cuarta posici\u00f3n en llegadas de pasajeros de compa\u00f1\u00edas tradicionales con 5,5 millones de viajeros internacionales, por delante se encontraban Madrid con 12,5 millones, Canarias 7,3 millones y las Baleares 6,7.<\/p>\n","protected":false},"excerpt":{"rendered":"<p>Los aeropuertos catalanes tienen la dependencia m\u00e1s elevada del bajo coste de Espa\u00f1a. Catalu\u00f1a es el primer destino estatal en n\u00famero de entrada de pasajeros de vuelos internacionales en compa\u00f1\u00edas de bajo coste. Concentra alrededor del 30% del total de pasajeros, seguida de Andaluc\u00eda que recibe poco m\u00e1s de un 14%. Los visitantes internacionales que &hellip;<\/p>\n","protected":false},"author":1,"featured_media":0,"comment_status":"closed","ping_status":"open","sticky":false,"template":"","format":"standard","meta":[],"categories":[62,65],"tags":[],"_links":{"self":[{"href":"https:\/\/www.comunicatur.info\/es\/wp-json\/wp\/v2\/posts\/8184"}],"collection":[{"href":"https:\/\/www.comunicatur.info\/es\/wp-json\/wp\/v2\/posts"}],"about":[{"href":"https:\/\/www.comunicatur.info\/es\/wp-json\/wp\/v2\/types\/post"}],"author":[{"embeddable":true,"href":"https:\/\/www.comunicatur.info\/es\/wp-json\/wp\/v2\/users\/1"}],"replies":[{"embeddable":true,"href":"https:\/\/www.comunicatur.info\/es\/wp-json\/wp\/v2\/comments?post=8184"}],"version-history":[{"count":1,"href":"https:\/\/www.comunicatur.info\/es\/wp-json\/wp\/v2\/posts\/8184\/revisions"}],"predecessor-version":[{"id":8185,"href":"https:\/\/www.comunicatur.info\/es\/wp-json\/wp\/v2\/posts\/8184\/revisions\/8185"}],"wp:attachment":[{"href":"https:\/\/www.comunicatur.info\/es\/wp-json\/wp\/v2\/media?parent=8184"}],"wp:term":[{"taxonomy":"category","embeddable":true,"href":"https:\/\/www.comunicatur.info\/es\/wp-json\/wp\/v2\/categories?post=8184"},{"taxonomy":"post_tag","embeddable":true,"href":"https:\/\/www.comunicatur.info\/es\/wp-json\/wp\/v2\/tags?post=8184"}],"curies":[{"name":"wp","href":"https:\/\/api.w.org\/{rel}","templated":true}]}}