{"id":8179,"date":"2016-02-23T00:00:15","date_gmt":"2016-02-22T23:00:15","guid":{"rendered":"https:\/\/comunicatur.info\/?p=8179"},"modified":"2016-02-25T20:16:47","modified_gmt":"2016-02-25T19:16:47","slug":"fraude-en-la-recaudacion-de-la-tasa-turistica-catalana","status":"publish","type":"post","link":"https:\/\/www.comunicatur.info\/es\/fraude-en-la-recaudacion-de-la-tasa-turistica-catalana\/","title":{"rendered":"Fraude en la recaudaci\u00f3n de la tasa tur\u00edstica catalana"},"content":{"rendered":"<p>El secretario de Econom\u00eda de la Generalitat de Catalu\u00f1a, Pere Aragon\u00e8s, ha desvelado que en el impuesto tur\u00edstico \u201ces uno de los \u00e1mbitos en qu\u00e9 hay m\u00e1s fraude fiscal\u201d y ha anunciado que \u201ctendremos que hacer m\u00e1s inspecciones\u201d.<\/p>\n<p><!--more-->En una entrevista period\u00edstica del diario Ara, reci\u00e9n estrenado en el cargo, Aragon\u00e8s ha afirmado que la Agencia Tributar\u00eda de Catalu\u00f1a est\u00e1 trabajando en lo que considera una necesidad: \u201csobre todo, en este impuesto hay que mejorar el grado de cumplimiento\u201d.<\/p>\n<p>Adem\u00e1s Aragon\u00e8s opina que la tasa tur\u00edstica \u201cse tiene que poner al d\u00eda\u201d. Es partidario de destinar los recursos del impuesto a otros aspectos que no sean la promoci\u00f3n. Ha comentado que se <a title=\"Los municipios catalanes podr\u00e1n destinar la tasa tur\u00edstica a mitigar el impacto del turismo\" href=\"https:\/\/www.comunicatur.info\/es\/los-municipios-catalanes-podran-destinar-la-tasa-turistica-mitigar-el-impacto-del-turismo\/\" target=\"_blank\">podr\u00edan dedicar a minimizar las externalidades negativas del turismo<\/a> o incluso a incrementar los recursos de la Generalitat, muy necesitada de dinero. \u201cTenemos que debatir si tambi\u00e9n se pueden destinar a la caja de la Generalitat o a otras medidas para compensar el impacto de una concentraci\u00f3n muy alta de turistas\u201d, ha declarado.<\/p>\n<p>En 2015 el sector del alojamiento recaud\u00f3 m\u00e1s de 42 millones de euros con este impuesto. A\u00f1o tras a\u00f1o se han incrementado los ingresos, en sinton\u00eda con el incremento de las pernoctaciones. En poco m\u00e1s de 3 a\u00f1os de implantaci\u00f3n, la tasa ha supuesto una inyecci\u00f3n superior a los 125 millones de euros que se han destinado al sector tur\u00edstico. Con las declaraciones del secretario econ\u00f3mico del gobierno catal\u00e1n se abre la puerta a reformular todo el concepto del impuesto tal y como se pact\u00f3 con el sector privado. Los empresarios, muy beligerantes con la tasa tur\u00edstica, aceptaron a rega\u00f1adientes su implantaci\u00f3n si revert\u00eda en el sector. En unos momentos de crisis, la administraci\u00f3n no pod\u00eda mantener el nivel inversor en turismo y gracias a la tasa estos recursos no bajaron. Ahora Pere Aragon\u00e8s, con un impuesto ya consolidado, se posiciona por reformularlo y para centrarse en la persecuci\u00f3n del fraude, que considera \u201cevidente\u201d.<\/p>\n","protected":false},"excerpt":{"rendered":"<p>El secretario de Econom\u00eda de la Generalitat de Catalu\u00f1a, Pere Aragon\u00e8s, ha desvelado que en el impuesto tur\u00edstico \u201ces uno de los \u00e1mbitos en qu\u00e9 hay m\u00e1s fraude fiscal\u201d y ha anunciado que \u201ctendremos que hacer m\u00e1s inspecciones\u201d. En una entrevista period\u00edstica del diario Ara, reci\u00e9n estrenado en el cargo, Aragon\u00e8s ha afirmado que la &hellip;<\/p>\n","protected":false},"author":1,"featured_media":0,"comment_status":"closed","ping_status":"open","sticky":false,"template":"","format":"standard","meta":[],"categories":[59,61],"tags":[],"_links":{"self":[{"href":"https:\/\/www.comunicatur.info\/es\/wp-json\/wp\/v2\/posts\/8179"}],"collection":[{"href":"https:\/\/www.comunicatur.info\/es\/wp-json\/wp\/v2\/posts"}],"about":[{"href":"https:\/\/www.comunicatur.info\/es\/wp-json\/wp\/v2\/types\/post"}],"author":[{"embeddable":true,"href":"https:\/\/www.comunicatur.info\/es\/wp-json\/wp\/v2\/users\/1"}],"replies":[{"embeddable":true,"href":"https:\/\/www.comunicatur.info\/es\/wp-json\/wp\/v2\/comments?post=8179"}],"version-history":[{"count":1,"href":"https:\/\/www.comunicatur.info\/es\/wp-json\/wp\/v2\/posts\/8179\/revisions"}],"predecessor-version":[{"id":8180,"href":"https:\/\/www.comunicatur.info\/es\/wp-json\/wp\/v2\/posts\/8179\/revisions\/8180"}],"wp:attachment":[{"href":"https:\/\/www.comunicatur.info\/es\/wp-json\/wp\/v2\/media?parent=8179"}],"wp:term":[{"taxonomy":"category","embeddable":true,"href":"https:\/\/www.comunicatur.info\/es\/wp-json\/wp\/v2\/categories?post=8179"},{"taxonomy":"post_tag","embeddable":true,"href":"https:\/\/www.comunicatur.info\/es\/wp-json\/wp\/v2\/tags?post=8179"}],"curies":[{"name":"wp","href":"https:\/\/api.w.org\/{rel}","templated":true}]}}