{"id":8167,"date":"2016-02-18T00:00:12","date_gmt":"2016-02-17T23:00:12","guid":{"rendered":"https:\/\/comunicatur.info\/?p=8167"},"modified":"2016-02-25T20:16:33","modified_gmt":"2016-02-25T19:16:33","slug":"iran-puede-ser-un-nuevo-destino-emergente-de-turismo","status":"publish","type":"post","link":"https:\/\/www.comunicatur.info\/es\/iran-puede-ser-un-nuevo-destino-emergente-de-turismo\/","title":{"rendered":"Ir\u00e1n puede ser un nuevo destino emergente de turismo"},"content":{"rendered":"<p>La nueva situaci\u00f3n geopol\u00edtica de Ir\u00e1n puede convertirlo en un nuevo destino tur\u00edstico mundial. El acuerdo nuclear y el levantamiento de las sanciones ponen a este pa\u00eds en la \u00f3rbita de la normalizaci\u00f3n econ\u00f3mica con la comunidad internacional.<\/p>\n<p><!--more-->Tras 35 a\u00f1os de aislamiento crecer\u00e1n las inversiones y su dinamismo econ\u00f3mico pero tambi\u00e9n su papel tur\u00edstico se ver\u00e1 beneficiado. Desde el cambio de gobierno, con el presidente Rohann\u00ed, el pa\u00eds trabaja para abrirse al turismo. Los visitantes se han incrementado un 20% desde su presidencia. A pesar de tener un rico patrimonio cultural, 16 sitios declarados Patrimonio de la Humanidad, s\u00f3lo recibe 4 millones de turistas anuales y la mitad proceden del vecino Irak por visitas religiosas o m\u00e9dicas.<\/p>\n<p>Todav\u00eda es pronto para saber que papel le tocar\u00e1 jugar en el sector tur\u00edstico pero las expectativas son altas. No cuenta con cadenas hoteleras ni locales de restauraci\u00f3n internacional que a partir de ahora podr\u00e1n invertir y desarrollarse con m\u00e1s tranquilidad. El gobierno quiere que el turismo ayude a tejer relaciones de proximidad con ciudadanos de otros pa\u00edses como forma de cambiar la percepci\u00f3n del pa\u00eds en el mundo.<\/p>\n<p>Un pueblo hospitalario, un patrimonio espectacular, una gastronom\u00eda muy interesante y unos paisajes naturales de impresi\u00f3n, lo convierten en una joya por explotar. Ir\u00e1n se ha propuesto superar los 20 millones de turistas extranjeros en el 2025.<\/p>\n<p>Los operadores tur\u00edsticos ya est\u00e1n experimentando un crecimiento de las reservas. Para algunas agencias en Espa\u00f1a o Francia es un destino tendencia de larga distancia. El viaje organizado con gu\u00eda local es aconsejable para los nuevos turistas ya que permiten recordar a los extranjeros algunas reglas importantes como la vestimenta adecuada para mujeres y hombres y la prohibici\u00f3n sobre el alcohol.<\/p>\n","protected":false},"excerpt":{"rendered":"<p>La nueva situaci\u00f3n geopol\u00edtica de Ir\u00e1n puede convertirlo en un nuevo destino tur\u00edstico mundial. El acuerdo nuclear y el levantamiento de las sanciones ponen a este pa\u00eds en la \u00f3rbita de la normalizaci\u00f3n econ\u00f3mica con la comunidad internacional. Tras 35 a\u00f1os de aislamiento crecer\u00e1n las inversiones y su dinamismo econ\u00f3mico pero tambi\u00e9n su papel tur\u00edstico &hellip;<\/p>\n","protected":false},"author":1,"featured_media":0,"comment_status":"closed","ping_status":"open","sticky":false,"template":"","format":"standard","meta":[],"categories":[64],"tags":[],"_links":{"self":[{"href":"https:\/\/www.comunicatur.info\/es\/wp-json\/wp\/v2\/posts\/8167"}],"collection":[{"href":"https:\/\/www.comunicatur.info\/es\/wp-json\/wp\/v2\/posts"}],"about":[{"href":"https:\/\/www.comunicatur.info\/es\/wp-json\/wp\/v2\/types\/post"}],"author":[{"embeddable":true,"href":"https:\/\/www.comunicatur.info\/es\/wp-json\/wp\/v2\/users\/1"}],"replies":[{"embeddable":true,"href":"https:\/\/www.comunicatur.info\/es\/wp-json\/wp\/v2\/comments?post=8167"}],"version-history":[{"count":1,"href":"https:\/\/www.comunicatur.info\/es\/wp-json\/wp\/v2\/posts\/8167\/revisions"}],"predecessor-version":[{"id":8168,"href":"https:\/\/www.comunicatur.info\/es\/wp-json\/wp\/v2\/posts\/8167\/revisions\/8168"}],"wp:attachment":[{"href":"https:\/\/www.comunicatur.info\/es\/wp-json\/wp\/v2\/media?parent=8167"}],"wp:term":[{"taxonomy":"category","embeddable":true,"href":"https:\/\/www.comunicatur.info\/es\/wp-json\/wp\/v2\/categories?post=8167"},{"taxonomy":"post_tag","embeddable":true,"href":"https:\/\/www.comunicatur.info\/es\/wp-json\/wp\/v2\/tags?post=8167"}],"curies":[{"name":"wp","href":"https:\/\/api.w.org\/{rel}","templated":true}]}}