{"id":8117,"date":"2016-02-05T00:00:52","date_gmt":"2016-02-04T23:00:52","guid":{"rendered":"https:\/\/comunicatur.info\/?p=8117"},"modified":"2016-02-08T23:32:17","modified_gmt":"2016-02-08T22:32:17","slug":"la-asociacion-montsec-turistic-renace-con-fuerza","status":"publish","type":"post","link":"https:\/\/www.comunicatur.info\/es\/la-asociacion-montsec-turistic-renace-con-fuerza\/","title":{"rendered":"La asociaci\u00f3n Montsec Tur\u00edstic renace con fuerza"},"content":{"rendered":"<p>Una veintena de empresarios de las comarcas de la Noguera y el Pallars Juss\u00e0 han reactivado esta entidad de promoci\u00f3n tur\u00edstica, destinada a poner en valor y difundir los atractivos del \u00e1rea del Montsec.<\/p>\n<p><!--more-->La asociaci\u00f3n, que permanec\u00eda inactiva desde 2006, ha reiniciado su labor promocional con fuerza con un total de 22 empresas relacionadas con el sector tur\u00edstico (restaurantes, hoteles, casas rurales, museos, centros de interpretaci\u00f3n, productores artesanos, etc.) y con dos objetivos claros: promocionar el \u00e1rea del Montsec \u2014una de las zonas del Prepirineo leridano que han registrado un mayor auge tur\u00edstico en los \u00faltimos a\u00f1os\u2014 y velar para que los asociados ofrezcan servicios de calidad a los visitantes.<\/p>\n<p>Una de las novedades de esta nueva etapa de la asociaci\u00f3n \u2014que ahora tiene su sede en Os de Balaguer y que ha adaptado su \u00e1mbito geogr\u00e1fico a la nueva delimitaci\u00f3n geogr\u00e1fica del Montsec, incluyendo poblaciones de m\u00e1s de 1.000 habitantes como Tremp o Balaguer\u2014 es que los nuevos estatutos aprobados recientemente contemplan la incorporaci\u00f3n de miembros del \u00e1mbito p\u00fablico (ayuntamientos, consejos comarcales) a fin de coordinar mejor y optimizar las actuaciones promocionales.<\/p>\n<p>Los estatutos marcan tambi\u00e9n como prioridades del ente \u00abrepresentar los intereses colectivos de las empresas y los empresarios del territorio Montsec ante las administraciones y cualquier entidad o instituci\u00f3n, trabajar para fomentar la colaboraci\u00f3n entre las empresas locales y ofrecer informaci\u00f3n y formaci\u00f3n a nuestros asociados\u00bb.<\/p>\n<p>El presidente de Montsec Tur\u00edstic, Jaume Le\u00f3n, explic\u00f3 que, adem\u00e1s de incorporar nuevos asociados, la entidad trabajar\u00e1 para consolidar el posicionamiento del Montsec como polo de atracci\u00f3n tur\u00edstica en \u00e1mbitos como el turismo activo, el turismo natural y el turismo cultural. Le\u00f3n recuerda que este \u00e1rea tiene muchos activos como el paisaje (desfiladero de Mont-rebei, entre otros), los deportes de aventura, los productos artesanales, la gastronom\u00eda o los monumentos. Menci\u00f3n especial merece el turismo astron\u00f3mico, que tiene los dos ejes b\u00e1sicos en un equipamiento de primer nivel (el Centro de Observaci\u00f3n del Universo, situado en \u00c0ger) y en las privilegiadas condiciones de observaci\u00f3n nocturna (el Montsec ha sido declarado destino Starlight por la UNESCO).<\/p>\n<p>El presidente de la asociaci\u00f3n ha destacado tambi\u00e9n que la zona ha entrado en una din\u00e1mica tur\u00edstica favorable, como queda demostrado por el incremento del flujo de visitantes consignado durante las \u00faltimas fiestas de Navidad, \u00aben las que, por ejemplo, el Centro de Observaci\u00f3n del Universo situado en \u00c0ger registr\u00f3 la visita de m\u00e1s de 600 personas en solo tres d\u00edas\u00bb. Este aumento de turistas conlleva que \u201cmuchos establecimientos tur\u00edsticos de la zona se planteen incluso organizarse para abrir puertas, aunque sea por turnos, durante las pr\u00f3ximas fiestas\u00bb.<\/p>\n<p><b>Aniversario del monasterio de Les Avellanes<\/b><\/p>\n<p>Por otra parte, el monasterio de Santa Mar\u00eda de Bellpuig de les Avellanes, que forma parte tambi\u00e9n de la asociaci\u00f3n Montsec Tur\u00edstic, celebra este a\u00f1o el 850\u00ba aniversario de su fundaci\u00f3n con una iniciativa destacada como es la restauraci\u00f3n del claustro rom\u00e1nico, construido en el siglo XII. La efem\u00e9ride ser\u00e1 tambi\u00e9n recordada por medio de varios actos conmemorativos como el concierto a cargo de la Orquesta Sinf\u00f3nica Juli\u00e0 Carbonell y la conferencia del historiador Joan Josep Busqueta, que tendr\u00e1n lugar el 10 de febrero. El monasterio est\u00e1 situado en un bello paraje del municipio de Os de Balaguer, en la comarca de la Noguera.\/<i>Noticia emitida por el Patronato de Turismo de la Diputaci\u00f3n de Lleida<\/i><\/p>\n","protected":false},"excerpt":{"rendered":"<p>Una veintena de empresarios de las comarcas de la Noguera y el Pallars Juss\u00e0 han reactivado esta entidad de promoci\u00f3n tur\u00edstica, destinada a poner en valor y difundir los atractivos del \u00e1rea del Montsec. La asociaci\u00f3n, que permanec\u00eda inactiva desde 2006, ha reiniciado su labor promocional con fuerza con un total de 22 empresas relacionadas &hellip;<\/p>\n","protected":false},"author":1,"featured_media":0,"comment_status":"closed","ping_status":"open","sticky":false,"template":"","format":"standard","meta":[],"categories":[62],"tags":[],"_links":{"self":[{"href":"https:\/\/www.comunicatur.info\/es\/wp-json\/wp\/v2\/posts\/8117"}],"collection":[{"href":"https:\/\/www.comunicatur.info\/es\/wp-json\/wp\/v2\/posts"}],"about":[{"href":"https:\/\/www.comunicatur.info\/es\/wp-json\/wp\/v2\/types\/post"}],"author":[{"embeddable":true,"href":"https:\/\/www.comunicatur.info\/es\/wp-json\/wp\/v2\/users\/1"}],"replies":[{"embeddable":true,"href":"https:\/\/www.comunicatur.info\/es\/wp-json\/wp\/v2\/comments?post=8117"}],"version-history":[{"count":1,"href":"https:\/\/www.comunicatur.info\/es\/wp-json\/wp\/v2\/posts\/8117\/revisions"}],"predecessor-version":[{"id":8118,"href":"https:\/\/www.comunicatur.info\/es\/wp-json\/wp\/v2\/posts\/8117\/revisions\/8118"}],"wp:attachment":[{"href":"https:\/\/www.comunicatur.info\/es\/wp-json\/wp\/v2\/media?parent=8117"}],"wp:term":[{"taxonomy":"category","embeddable":true,"href":"https:\/\/www.comunicatur.info\/es\/wp-json\/wp\/v2\/categories?post=8117"},{"taxonomy":"post_tag","embeddable":true,"href":"https:\/\/www.comunicatur.info\/es\/wp-json\/wp\/v2\/tags?post=8117"}],"curies":[{"name":"wp","href":"https:\/\/api.w.org\/{rel}","templated":true}]}}