{"id":8098,"date":"2016-02-01T00:00:16","date_gmt":"2016-01-31T23:00:16","guid":{"rendered":"https:\/\/comunicatur.info\/?p=8098"},"modified":"2016-02-01T23:41:30","modified_gmt":"2016-02-01T22:41:30","slug":"como-aplicar-la-tecnologia-al-turismo-en-el-mobile-world-congress-de-barcelona","status":"publish","type":"post","link":"https:\/\/www.comunicatur.info\/es\/como-aplicar-la-tecnologia-al-turismo-en-el-mobile-world-congress-de-barcelona\/","title":{"rendered":"C\u00f3mo aplicar la tecnolog\u00eda al turismo en el Mobile World Congress de Barcelona"},"content":{"rendered":"<p>Gafas de realidad virtual, accesorios conectados, 5G, el Internet de las cosas, rutas gastron\u00f3micas por la tarde para facilitar los contactos, visitas guiadas tem\u00e1ticas, la esperada llegada de la L\u00ednea 9 de metro al recinto ferial desde el aeropuerto\u2026 Tecnolog\u00eda y turismo se unen en la 13 edici\u00f3n del Mobile World Congress (MWC), bajo el t\u00edtulo \u201cTodo es m\u00f3vil\u201d.<\/p>\n<p><!--more-->Entre los d\u00edas 22 a 25 de febrero est\u00e1 previsto que m\u00e1s de 95.000 asistentes recorran los pabellones de la Feria de Barcelona en la Gran V\u00eda de l\u2019Hospitalet, con 2.100 expositores procedentes de 160 pa\u00edses. Cuatro d\u00edas de feria que tendr\u00e1n un impacto econ\u00f3mico de 460 millones de euros sobre la capital catalana y supondr\u00e1n la creaci\u00f3n de 13.000 puestos de trabajo temporales.<\/p>\n<p>Se calcula que a lo largo de este a\u00f1o se vender\u00e1n 1.600 millones de tel\u00e9fonos m\u00f3viles en todo el mundo. Este dato implica no s\u00f3lo la fabricaci\u00f3n o la distribuci\u00f3n, sino tambi\u00e9n la llegada de otros servicios asociados o el desarrollo de aplicaciones y otras industrias paralelas.<\/p>\n<p>En la reciente feria de Fitur se ha podido ver, por ejemplo, c\u00f3mo la inteligencia artificial est\u00e1 aplic\u00e1ndose ya y aportando valor en el sector tur\u00edstico y ya es visible en todas las etapas del viaje para garantizar una experiencia m\u00e1s personalizada en el turista. Los asistentes al MWC tambi\u00e9n podr\u00e1n comprobar c\u00f3mo los operadores japoneses y surcoreanos preparan los Juegos Ol\u00edmpicos de Tokio 2020.<\/p>\n<p>La movilidad tambi\u00e9n est\u00e1 alcanzando los veh\u00edculos y por eso la primera feria mundial de telefon\u00eda m\u00f3vil contar\u00e1 con la presencia del piloto de F1, Lewis Hamilton, que impartir\u00e1 una conferencia sobre el coche conectado. A la cita tambi\u00e9n asistir\u00e1n los consejeros delegados de Ford y General Electric, as\u00ed como los m\u00e1ximos responsables de todas las grandes compa\u00f1\u00edas del m\u00f3vil y las telecomunicaciones. Por tercer a\u00f1o consecutivo, el Mobile World Congress ha confirmado la asistencia del fundador de Facebook, Mark Zuckerberg.<\/p>\n","protected":false},"excerpt":{"rendered":"<p>Gafas de realidad virtual, accesorios conectados, 5G, el Internet de las cosas, rutas gastron\u00f3micas por la tarde para facilitar los contactos, visitas guiadas tem\u00e1ticas, la esperada llegada de la L\u00ednea 9 de metro al recinto ferial desde el aeropuerto\u2026 Tecnolog\u00eda y turismo se unen en la 13 edici\u00f3n del Mobile World Congress (MWC), bajo el &hellip;<\/p>\n","protected":false},"author":1,"featured_media":0,"comment_status":"closed","ping_status":"open","sticky":false,"template":"","format":"standard","meta":[],"categories":[63],"tags":[],"_links":{"self":[{"href":"https:\/\/www.comunicatur.info\/es\/wp-json\/wp\/v2\/posts\/8098"}],"collection":[{"href":"https:\/\/www.comunicatur.info\/es\/wp-json\/wp\/v2\/posts"}],"about":[{"href":"https:\/\/www.comunicatur.info\/es\/wp-json\/wp\/v2\/types\/post"}],"author":[{"embeddable":true,"href":"https:\/\/www.comunicatur.info\/es\/wp-json\/wp\/v2\/users\/1"}],"replies":[{"embeddable":true,"href":"https:\/\/www.comunicatur.info\/es\/wp-json\/wp\/v2\/comments?post=8098"}],"version-history":[{"count":1,"href":"https:\/\/www.comunicatur.info\/es\/wp-json\/wp\/v2\/posts\/8098\/revisions"}],"predecessor-version":[{"id":8099,"href":"https:\/\/www.comunicatur.info\/es\/wp-json\/wp\/v2\/posts\/8098\/revisions\/8099"}],"wp:attachment":[{"href":"https:\/\/www.comunicatur.info\/es\/wp-json\/wp\/v2\/media?parent=8098"}],"wp:term":[{"taxonomy":"category","embeddable":true,"href":"https:\/\/www.comunicatur.info\/es\/wp-json\/wp\/v2\/categories?post=8098"},{"taxonomy":"post_tag","embeddable":true,"href":"https:\/\/www.comunicatur.info\/es\/wp-json\/wp\/v2\/tags?post=8098"}],"curies":[{"name":"wp","href":"https:\/\/api.w.org\/{rel}","templated":true}]}}