{"id":8073,"date":"2016-01-22T00:00:48","date_gmt":"2016-01-21T23:00:48","guid":{"rendered":"https:\/\/comunicatur.info\/?p=8073"},"modified":"2016-01-21T16:39:23","modified_gmt":"2016-01-21T15:39:23","slug":"fdsfdsf","status":"publish","type":"post","link":"https:\/\/www.comunicatur.info\/es\/fdsfdsf\/","title":{"rendered":"El turismo en Catalu\u00f1a crece m\u00e1s en n\u00famero que en ingresos"},"content":{"rendered":"<p>El balance tur\u00edstico de Catalu\u00f1a para el 2015 cierra con incremento de turistas del 3,7% y del 3,4% en el gasto.<\/p>\n<p>En su primer acto como consejero de Turismo de la Generalitat catalana, Jordi Baiget, ha presentado los datos tur\u00edsticos de la Comunidad. Durante el 2015 Catalu\u00f1a ha recibido m\u00e1s de 17,4 millones de turistas extranjeros (+3,7%) que han generado un gasto de 15.625 millones de euros (+3,4%). Los principales mercados emisores que han destacado por aumentos de turistas son los procedentes de los Estados Unidos de Am\u00e9rica (25,9%), Francia (8,2%), Reino Unido (6,5%) y del resto de Europa (8,1%).<\/p>\n<p>Francia contin\u00faa siendo el principal mercado emisor, aportando el 28,6% del total de entradas, y un incremento de casi un mill\u00f3n de entradas desde 2013. Rusia es el mercado que m\u00e1s se contrae con un 31% anual desde 2014. Esta ca\u00edda no se limita a Catalu\u00f1a ya que es fruto de su inestabilidad pol\u00edtica y econ\u00f3mica. A\u00fan as\u00ed, a partir de 2016 se espera un cambio de tendencia.<\/p>\n<table width=\"587\" border=\"0\" cellspacing=\"0\" cellpadding=\"0\">\n<tbody>\n<tr>\n<td rowspan=\"2\" width=\"199\"><b>\u00a0<\/b><\/td>\n<td rowspan=\"2\" width=\"123\">\n<p align=\"center\"><b>2014<\/b><\/p>\n<\/td>\n<td rowspan=\"2\" width=\"104\">\n<p align=\"center\"><b>2015<\/b><\/p>\n<\/td>\n<td rowspan=\"2\" width=\"161\">\n<p align=\"center\"><b>%Variaci\u00f3n interanual 2015\/2014<\/b><\/p>\n<\/td>\n<td width=\"0\" height=\"20\"><\/td>\n<\/tr>\n<tr>\n<td width=\"0\" height=\"20\"><\/td>\n<\/tr>\n<tr>\n<td width=\"199\"><b>\u00a0<\/b><\/p>\n<p><b>Turistas extranjeros <\/b><\/p>\n<p><b>(en miles)<\/b><\/td>\n<td width=\"123\">\n<p align=\"center\">16.793,80<\/p>\n<\/td>\n<td width=\"104\">\n<p align=\"center\">17.417,3*<\/p>\n<\/td>\n<td width=\"161\">\n<p align=\"center\">3,70%<\/p>\n<\/td>\n<td width=\"0\" height=\"55\"><\/td>\n<\/tr>\n<tr>\n<td width=\"199\"><b>\u00a0<\/b><\/p>\n<p><b>Gasto total <\/b><\/p>\n<p><b>(Millones EUR)<\/b><\/td>\n<td width=\"123\">\n<p align=\"center\">15.113,70<\/p>\n<\/td>\n<td width=\"104\">\n<p align=\"center\">15.625,0*<\/p>\n<\/td>\n<td width=\"161\">\n<p align=\"center\">3,40%<\/p>\n<\/td>\n<td width=\"0\" height=\"20\"><\/td>\n<\/tr>\n<tr>\n<td width=\"199\"><b>\u00a0<\/b><\/p>\n<p><b>Gasto medio diario (\u20ac)<\/b><\/td>\n<td width=\"123\">\n<p align=\"center\">117,7**<\/p>\n<\/td>\n<td width=\"104\">\n<p align=\"center\">121**<\/p>\n<\/td>\n<td width=\"161\">\n<p align=\"center\">2,81%<\/p>\n<\/td>\n<td width=\"0\" height=\"39\"><\/td>\n<\/tr>\n<\/tbody>\n<\/table>\n<p>El crecimiento del turismo en los meses de temporada baja es m\u00e1s fuerte que en los de temporada alta, hecho que consolida la tendencia a la desestacionalizaci\u00f3n. En este sentido Baiget ha destacado que \u201cel 53% del turismo extranjero que llega a Catalu\u00f1a lo hace en temporada baja y que cerca del 50% de su gasto es fuera de los meses de la temporada alta\u201d.<\/p>\n<p>En relaci\u00f3n a los diferentes mercados, cabe destacar el incremento del gasto de los turistas procedentes del Reino Unido en un 10,4%, del mercado estadounidense en un 12,6% y un significativo incremento de los Pa\u00edses N\u00f3rdicos (8,3%).<\/p>\n<p>Las pernoctaciones en hoteles, campings, apartamentos y establecimientos de turismo rural de Catalu\u00f1a se situar\u00edan alrededor de los 75,4 millones, un 4,6% m\u00e1s que en 2014. Por mercados, destaca el importante incremento del turismo catal\u00e1n y del espa\u00f1ol.<\/p>\n<table width=\"556\" border=\"0\" cellspacing=\"0\" cellpadding=\"0\">\n<tbody>\n<tr>\n<td valign=\"bottom\" nowrap=\"nowrap\" width=\"195\"><b>PERNOCTACIONES<\/b><\/td>\n<td valign=\"bottom\" nowrap=\"nowrap\" width=\"89\">\n<p align=\"center\"><b>2014<\/b><\/p>\n<\/td>\n<td valign=\"bottom\" nowrap=\"nowrap\" width=\"117\">\n<p align=\"center\"><b>2015<\/b><\/p>\n<\/td>\n<td valign=\"bottom\" nowrap=\"nowrap\" width=\"155\">\n<p align=\"center\"><b>% Variaci\u00f3n \u00a0 interanual<\/b><\/p>\n<\/td>\n<\/tr>\n<tr>\n<td valign=\"bottom\" nowrap=\"nowrap\" width=\"195\">Extranjeros<\/td>\n<td valign=\"bottom\" nowrap=\"nowrap\" width=\"89\">\n<p align=\"center\">47.882.335<\/p>\n<\/td>\n<td valign=\"bottom\" nowrap=\"nowrap\" width=\"117\">\n<p align=\"center\">49.157.865<\/p>\n<\/td>\n<td valign=\"bottom\" nowrap=\"nowrap\" width=\"155\">\n<p align=\"center\">2,66<\/p>\n<\/td>\n<\/tr>\n<tr>\n<td valign=\"bottom\" nowrap=\"nowrap\" width=\"195\">Resto del Estado<\/td>\n<td valign=\"bottom\" nowrap=\"nowrap\" width=\"89\">\n<p align=\"center\">8.104.312<\/p>\n<\/td>\n<td valign=\"bottom\" nowrap=\"nowrap\" width=\"117\">\n<p align=\"center\">8.532.385<\/p>\n<\/td>\n<td valign=\"bottom\" nowrap=\"nowrap\" width=\"155\">\n<p align=\"center\">5,28<\/p>\n<\/td>\n<\/tr>\n<tr>\n<td valign=\"bottom\" nowrap=\"nowrap\" width=\"195\">Catalanes<\/td>\n<td valign=\"bottom\" nowrap=\"nowrap\" width=\"89\">\n<p align=\"center\">16.023.561<\/p>\n<\/td>\n<td valign=\"bottom\" nowrap=\"nowrap\" width=\"117\">\n<p align=\"center\">17.672.103<\/p>\n<\/td>\n<td valign=\"bottom\" nowrap=\"nowrap\" width=\"155\">\n<p align=\"center\">10,29<\/p>\n<\/td>\n<\/tr>\n<tr>\n<td valign=\"bottom\" nowrap=\"nowrap\" width=\"195\"><b>TOTAL<\/b><\/td>\n<td valign=\"bottom\" nowrap=\"nowrap\" width=\"89\">\n<p align=\"center\"><b>72.010.208<\/b><\/p>\n<\/td>\n<td valign=\"bottom\" nowrap=\"nowrap\" width=\"117\">\n<p align=\"center\"><b>75.362.353<\/b><\/p>\n<\/td>\n<td valign=\"bottom\" nowrap=\"nowrap\" width=\"155\">\n<p align=\"center\"><b>4,66<\/b><\/p>\n<\/td>\n<\/tr>\n<\/tbody>\n<\/table>\n<p><i>Fuente: IDESCAT\/INE<\/i><\/p>\n<p>&nbsp;<\/p>\n","protected":false},"excerpt":{"rendered":"<p>El balance tur\u00edstico de Catalu\u00f1a para el 2015 cierra con incremento de turistas del 3,7% y del 3,4% en el gasto. En su primer acto como consejero de Turismo de la Generalitat catalana, Jordi Baiget, ha presentado los datos tur\u00edsticos de la Comunidad. Durante el 2015 Catalu\u00f1a ha recibido m\u00e1s de 17,4 millones de turistas &hellip;<\/p>\n","protected":false},"author":1,"featured_media":0,"comment_status":"closed","ping_status":"open","sticky":false,"template":"","format":"standard","meta":[],"categories":[62],"tags":[],"_links":{"self":[{"href":"https:\/\/www.comunicatur.info\/es\/wp-json\/wp\/v2\/posts\/8073"}],"collection":[{"href":"https:\/\/www.comunicatur.info\/es\/wp-json\/wp\/v2\/posts"}],"about":[{"href":"https:\/\/www.comunicatur.info\/es\/wp-json\/wp\/v2\/types\/post"}],"author":[{"embeddable":true,"href":"https:\/\/www.comunicatur.info\/es\/wp-json\/wp\/v2\/users\/1"}],"replies":[{"embeddable":true,"href":"https:\/\/www.comunicatur.info\/es\/wp-json\/wp\/v2\/comments?post=8073"}],"version-history":[{"count":3,"href":"https:\/\/www.comunicatur.info\/es\/wp-json\/wp\/v2\/posts\/8073\/revisions"}],"predecessor-version":[{"id":8077,"href":"https:\/\/www.comunicatur.info\/es\/wp-json\/wp\/v2\/posts\/8073\/revisions\/8077"}],"wp:attachment":[{"href":"https:\/\/www.comunicatur.info\/es\/wp-json\/wp\/v2\/media?parent=8073"}],"wp:term":[{"taxonomy":"category","embeddable":true,"href":"https:\/\/www.comunicatur.info\/es\/wp-json\/wp\/v2\/categories?post=8073"},{"taxonomy":"post_tag","embeddable":true,"href":"https:\/\/www.comunicatur.info\/es\/wp-json\/wp\/v2\/tags?post=8073"}],"curies":[{"name":"wp","href":"https:\/\/api.w.org\/{rel}","templated":true}]}}