{"id":8047,"date":"2016-01-19T00:00:13","date_gmt":"2016-01-18T23:00:13","guid":{"rendered":"https:\/\/comunicatur.info\/?p=8047"},"modified":"2016-01-18T21:49:15","modified_gmt":"2016-01-18T20:49:15","slug":"crisis-de-confianza-entre-ayuntamiento-y-turismo-de-barcelona","status":"publish","type":"post","link":"https:\/\/www.comunicatur.info\/es\/crisis-de-confianza-entre-ayuntamiento-y-turismo-de-barcelona\/","title":{"rendered":"Crisis de confianza entre Ayuntamiento y Turismo de Barcelona"},"content":{"rendered":"<p>At\u00f3nito est\u00e1 el sector tras ver la incomunicaci\u00f3n que parece existir entre el Ayuntamiento de Barcelona y el consorcio de promoci\u00f3n tur\u00edstica de la ciudad. Las declaraciones del regidor de turismo, Agust\u00ed Colom, denunciando el desconocimiento de las decisiones que toma Turismo de Barcelona, del cual es vicepresidente, han abierto una herida entre los responsables p\u00fablicos y los privados en este organismo.<\/p>\n<p><!--more-->El gobierno de la alcaldesa Ada Colau ha hecho ostentaci\u00f3n p\u00fablica de esta descoordinaci\u00f3n y ha explicado c\u00f3mo ha llamado al orden al presidente del comit\u00e9 ejecutivo de Turismo de Barcelona, Joan Gaspart, y a la direcci\u00f3n del consorcio. El Ayuntamiento de Barcelona ha anunciado que introducir\u00e1 cambios para mejorar la gesti\u00f3n del organismo.<\/p>\n<p>Consideran que es una competencia municipal tutelar las acciones de promoci\u00f3n econ\u00f3mica de la ciudad y una de las principales es el turismo. Turismo de Barcelona es un consorcio p\u00fablico privado y el Ayuntamiento quiere que su voz est\u00e9 en el m\u00e1ximo nivel de decisi\u00f3n.<\/p>\n<p><strong>La promoci\u00f3n del turismo m\u00e9dico ha sido el detonante<\/strong><\/p>\n<p>La crisis estall\u00f3 cuando se anunci\u00f3 el pasado 7 de enero que la Generalitat de Catalu\u00f1a y Turismo de Barcelona, conjuntamente con las asociaciones Barcelona Medical Agency y Barcelona Centro M\u00e9dico que re\u00fanen las principales cl\u00ednicas de la ciudad que tienen prestigio internacional, se propon\u00edan a potenciar el turismo m\u00e9dico. El Ayuntamiento se opuso por una cuesti\u00f3n ideol\u00f3gica a este tipo de promoci\u00f3n de sanidad privada y denunci\u00f3 que no ten\u00eda constancia de este acuerdo que firmaba Turismo de Barcelona.<\/p>\n","protected":false},"excerpt":{"rendered":"<p>At\u00f3nito est\u00e1 el sector tras ver la incomunicaci\u00f3n que parece existir entre el Ayuntamiento de Barcelona y el consorcio de promoci\u00f3n tur\u00edstica de la ciudad. Las declaraciones del regidor de turismo, Agust\u00ed Colom, denunciando el desconocimiento de las decisiones que toma Turismo de Barcelona, del cual es vicepresidente, han abierto una herida entre los responsables &hellip;<\/p>\n","protected":false},"author":1,"featured_media":0,"comment_status":"closed","ping_status":"open","sticky":false,"template":"","format":"standard","meta":[],"categories":[62],"tags":[],"_links":{"self":[{"href":"https:\/\/www.comunicatur.info\/es\/wp-json\/wp\/v2\/posts\/8047"}],"collection":[{"href":"https:\/\/www.comunicatur.info\/es\/wp-json\/wp\/v2\/posts"}],"about":[{"href":"https:\/\/www.comunicatur.info\/es\/wp-json\/wp\/v2\/types\/post"}],"author":[{"embeddable":true,"href":"https:\/\/www.comunicatur.info\/es\/wp-json\/wp\/v2\/users\/1"}],"replies":[{"embeddable":true,"href":"https:\/\/www.comunicatur.info\/es\/wp-json\/wp\/v2\/comments?post=8047"}],"version-history":[{"count":1,"href":"https:\/\/www.comunicatur.info\/es\/wp-json\/wp\/v2\/posts\/8047\/revisions"}],"predecessor-version":[{"id":8048,"href":"https:\/\/www.comunicatur.info\/es\/wp-json\/wp\/v2\/posts\/8047\/revisions\/8048"}],"wp:attachment":[{"href":"https:\/\/www.comunicatur.info\/es\/wp-json\/wp\/v2\/media?parent=8047"}],"wp:term":[{"taxonomy":"category","embeddable":true,"href":"https:\/\/www.comunicatur.info\/es\/wp-json\/wp\/v2\/categories?post=8047"},{"taxonomy":"post_tag","embeddable":true,"href":"https:\/\/www.comunicatur.info\/es\/wp-json\/wp\/v2\/tags?post=8047"}],"curies":[{"name":"wp","href":"https:\/\/api.w.org\/{rel}","templated":true}]}}