{"id":8008,"date":"2016-01-08T00:00:48","date_gmt":"2016-01-07T23:00:48","guid":{"rendered":"https:\/\/comunicatur.info\/?p=8008"},"modified":"2016-01-04T17:04:34","modified_gmt":"2016-01-04T16:04:34","slug":"municipios-de-lleida-promocionan-el-oleturismo","status":"publish","type":"post","link":"https:\/\/www.comunicatur.info\/es\/municipios-de-lleida-promocionan-el-oleturismo\/","title":{"rendered":"Municipios de Lleida promocionan el oleturismo"},"content":{"rendered":"<p>Los pueblos de Arbeca, El Cogul y La Granadella (las Garrigues) y Torrebesses (el Segri\u00e0) han puesto en marcha con el apoyo de la Diputaci\u00f3n de Lleida un paquete tur\u00edstico destinado a promocionar su patrimonio cultural y el producto estrella de la zona, el aceite de oliva.<\/p>\n<p><!--more-->Con el nombre de <i>\u00ab\u00bfDamos una vuelta? Historia, aceite y piedra\u00bb<\/i>, estos municipios han presentado una iniciativa destinada a dinamizar el turismo en la zona con la promoci\u00f3n de cuatro equipamientos culturales (la fortaleza ib\u00e9rica de Els Vilars de Arbeca, el Centro de Interpretaci\u00f3n del Arte Rupestre de El Cogul, el Centro de Interpretaci\u00f3n de la Piedra Seca de Torrebesses y el Centro de la Cultura del Aceite de Catalu\u00f1a de La Granadella) y los productos m\u00e1s emblem\u00e1ticos de cada localidad, especialmente el aceite de oliva extra virgen.<\/p>\n<p>La nueva oferta cuenta con el apoyo del Patronato de Turismo de la Diputaci\u00f3n de Lleida, que ha imprimido folletos tur\u00edsticos y carteles de la ruta que se distribuir\u00e1n en los espacios tur\u00edsticos de las comarcas leridanas y que difundir\u00e1 la iniciativa a trav\u00e9s de las redes sociales.<\/p>\n<p>Las personas que visiten alguno de los equipamientos que forman parte de la ruta y que presenten el folleto obtendr\u00e1n un sello acreditativo. Cuando el visitante tenga el sello de tres espacios podr\u00e1 acceder de forma gratuita al cuarto.<\/p>\n<p><b>Concierto del Aceite de Les Borges Blanques<\/b><\/p>\n<p>Por otra parte, el 16 de enero se celebrar\u00e1 la 3\u00aa edici\u00f3n del Concierto del Aceite de Les Borges Blanques, en la capital de las Garrigues. El concierto se ha programado en el marco de la Feria del Aceite, organizada conjuntamente por el Ayuntamiento de Les Borges Blanques y el Patronato de la Feria de las Garrigues. Esta edici\u00f3n del concierto, que tiene tambi\u00e9n el apoyo de la Diputaci\u00f3n de Lleida, contar\u00e1 con la presencia de los grupos de rock catal\u00e1n Els Catarres y Germ\u00e0 Negre y del DJ July. La previsi\u00f3n de los organizadores es superar los 1.200 asistentes.\/ <i>Noticia emitida por el Patronato de Turismo de la Diputaci\u00f3n de Lleida<\/i><\/p>\n","protected":false},"excerpt":{"rendered":"<p>Los pueblos de Arbeca, El Cogul y La Granadella (las Garrigues) y Torrebesses (el Segri\u00e0) han puesto en marcha con el apoyo de la Diputaci\u00f3n de Lleida un paquete tur\u00edstico destinado a promocionar su patrimonio cultural y el producto estrella de la zona, el aceite de oliva. Con el nombre de \u00ab\u00bfDamos una vuelta? Historia, &hellip;<\/p>\n","protected":false},"author":1,"featured_media":0,"comment_status":"closed","ping_status":"open","sticky":false,"template":"","format":"standard","meta":[],"categories":[62],"tags":[],"_links":{"self":[{"href":"https:\/\/www.comunicatur.info\/es\/wp-json\/wp\/v2\/posts\/8008"}],"collection":[{"href":"https:\/\/www.comunicatur.info\/es\/wp-json\/wp\/v2\/posts"}],"about":[{"href":"https:\/\/www.comunicatur.info\/es\/wp-json\/wp\/v2\/types\/post"}],"author":[{"embeddable":true,"href":"https:\/\/www.comunicatur.info\/es\/wp-json\/wp\/v2\/users\/1"}],"replies":[{"embeddable":true,"href":"https:\/\/www.comunicatur.info\/es\/wp-json\/wp\/v2\/comments?post=8008"}],"version-history":[{"count":1,"href":"https:\/\/www.comunicatur.info\/es\/wp-json\/wp\/v2\/posts\/8008\/revisions"}],"predecessor-version":[{"id":8009,"href":"https:\/\/www.comunicatur.info\/es\/wp-json\/wp\/v2\/posts\/8008\/revisions\/8009"}],"wp:attachment":[{"href":"https:\/\/www.comunicatur.info\/es\/wp-json\/wp\/v2\/media?parent=8008"}],"wp:term":[{"taxonomy":"category","embeddable":true,"href":"https:\/\/www.comunicatur.info\/es\/wp-json\/wp\/v2\/categories?post=8008"},{"taxonomy":"post_tag","embeddable":true,"href":"https:\/\/www.comunicatur.info\/es\/wp-json\/wp\/v2\/tags?post=8008"}],"curies":[{"name":"wp","href":"https:\/\/api.w.org\/{rel}","templated":true}]}}