{"id":7954,"date":"2015-12-16T00:00:13","date_gmt":"2015-12-15T23:00:13","guid":{"rendered":"https:\/\/comunicatur.info\/?p=7954"},"modified":"2015-12-18T14:16:10","modified_gmt":"2015-12-18T13:16:10","slug":"el-sector-turistico-genera-el-5-de-las-emisiones-de-co2","status":"publish","type":"post","link":"https:\/\/www.comunicatur.info\/es\/el-sector-turistico-genera-el-5-de-las-emisiones-de-co2\/","title":{"rendered":"El sector tur\u00edstico genera el 5% de las emisiones de CO\u2082"},"content":{"rendered":"<p>La Cumbre del Clima de Par\u00eds ha permitido consensuar medidas para frenar el calentamiento global. El sector tur\u00edstico juega tambi\u00e9n un papel como sector que aporta el 5% de las emisiones de CO\u2082 a nivel mundial que contribuyen al cambio clim\u00e1tico.<\/p>\n<p><!--more-->Los representantes de 195 pa\u00edses que se han dado cita en la capital francesa en la convenci\u00f3n COP21 se han comprometido a reducir las emisiones de gases de efecto invernadero. El turismo es, por partida doble, actor en la conferencia. Por un lado como generador de cambio clim\u00e1tico y por el otro como perjudicado por sus consecuencias.<\/p>\n<p>El aumento de la temperatura global del planeta tendr\u00eda efectos directos sobre el turismo: islas, deltas y territorios de costa sumergidos por el aumento del nivel del mar, temporadas muy marcadas con temperaturas muy pronunciadas, fen\u00f3menos meteorol\u00f3gicos externos con inundaciones, sequ\u00edas, ciclones&#8230; Todo ello comportar\u00eda una modificaci\u00f3n de los h\u00e1bitos de consumo tur\u00edstico. La industria deber\u00eda adaptarse a una nueva situaci\u00f3n clim\u00e1tica con las consecuencias negativas econ\u00f3micas que tendr\u00eda asociadas. Pero el sector, adem\u00e1s de verse muy afectado por el cambio clim\u00e1tico, es un contribuyente en la emisi\u00f3n de gases mediante el uso de energ\u00edas contaminantes y la explotaci\u00f3n de transportes y sistemas de comunicaci\u00f3n.<\/p>\n<p>Seg\u00fan las previsiones de la Organizaci\u00f3n Mundial del Turismo, los movimientos de turistas continuar\u00e1n increment\u00e1ndose en los pr\u00f3ximos a\u00f1os. Esta movilidad comportar\u00e1 una mayor utilizaci\u00f3n de medios de transporte que aportar\u00e1n una mayor carga de CO2 a la atm\u00f3sfera. \u00bfC\u00f3mo se puede asociar la reducci\u00f3n de emisiones con un mayor uso del transporte? Si el sector no tomara medidas un informe sobre la materia indica que las emisiones mundiales de CO\u2082 generadas por el sector tur\u00edstico podr\u00edan crecer m\u00e1s de un 150% para el 2035.<\/p>\n<p>La soluci\u00f3n no pasa por limitar el turismo si no por implantar modelos de consumo energ\u00e9ticos eficientes y una producci\u00f3n sostenible para todos los servicios y actividades. En definitiva, conseguir que el turismo forme parte de las econom\u00edas verdes. La actividad genera millones de puestos de trabajo y aporta m\u00e1s del 10% del Producto Interior Bruto (PIB) mundial. Es una de las garant\u00edas de desarrollo de muchos pa\u00edses pobres.<\/p>\n","protected":false},"excerpt":{"rendered":"<p>La Cumbre del Clima de Par\u00eds ha permitido consensuar medidas para frenar el calentamiento global. El sector tur\u00edstico juega tambi\u00e9n un papel como sector que aporta el 5% de las emisiones de CO\u2082 a nivel mundial que contribuyen al cambio clim\u00e1tico. Los representantes de 195 pa\u00edses que se han dado cita en la capital francesa &hellip;<\/p>\n","protected":false},"author":1,"featured_media":0,"comment_status":"closed","ping_status":"open","sticky":false,"template":"","format":"standard","meta":[],"categories":[62],"tags":[],"_links":{"self":[{"href":"https:\/\/www.comunicatur.info\/es\/wp-json\/wp\/v2\/posts\/7954"}],"collection":[{"href":"https:\/\/www.comunicatur.info\/es\/wp-json\/wp\/v2\/posts"}],"about":[{"href":"https:\/\/www.comunicatur.info\/es\/wp-json\/wp\/v2\/types\/post"}],"author":[{"embeddable":true,"href":"https:\/\/www.comunicatur.info\/es\/wp-json\/wp\/v2\/users\/1"}],"replies":[{"embeddable":true,"href":"https:\/\/www.comunicatur.info\/es\/wp-json\/wp\/v2\/comments?post=7954"}],"version-history":[{"count":1,"href":"https:\/\/www.comunicatur.info\/es\/wp-json\/wp\/v2\/posts\/7954\/revisions"}],"predecessor-version":[{"id":7955,"href":"https:\/\/www.comunicatur.info\/es\/wp-json\/wp\/v2\/posts\/7954\/revisions\/7955"}],"wp:attachment":[{"href":"https:\/\/www.comunicatur.info\/es\/wp-json\/wp\/v2\/media?parent=7954"}],"wp:term":[{"taxonomy":"category","embeddable":true,"href":"https:\/\/www.comunicatur.info\/es\/wp-json\/wp\/v2\/categories?post=7954"},{"taxonomy":"post_tag","embeddable":true,"href":"https:\/\/www.comunicatur.info\/es\/wp-json\/wp\/v2\/tags?post=7954"}],"curies":[{"name":"wp","href":"https:\/\/api.w.org\/{rel}","templated":true}]}}