{"id":7949,"date":"2015-12-17T00:00:09","date_gmt":"2015-12-16T23:00:09","guid":{"rendered":"https:\/\/comunicatur.info\/?p=7949"},"modified":"2015-12-18T14:15:57","modified_gmt":"2015-12-18T13:15:57","slug":"jordi-blanch-nuevo-director-institucional-de-comunicatur","status":"publish","type":"post","link":"https:\/\/www.comunicatur.info\/es\/jordi-blanch-nuevo-director-institucional-de-comunicatur\/","title":{"rendered":"Jordi Blanch, nuevo director institucional de Comunicatur"},"content":{"rendered":"<p>Comunicatur.info ha nombrado a Jordi Blanch director Institucional en sustituci\u00f3n de Enric Domingo qui\u00e9n durante los \u00faltimos a\u00f1os ha consolidado el portal como referente de la informaci\u00f3n sectorial tur\u00edstica para los profesionales en Catalu\u00f1a. El relevo se har\u00e1 efectivo el pr\u00f3ximo 1 de enero, coincidiendo con una nueva etapa de expansi\u00f3n del medio.<\/p>\n<p><!--more--><a href=\"https:\/\/www.comunicatur.info\/wp-content\/uploads\/2015\/12\/JordiBlanch2016.jpg\"><img class=\"alignright size-medium wp-image-7946\" alt=\"JordiBlanch2016\" src=\"https:\/\/www.comunicatur.info\/wp-content\/uploads\/2015\/12\/JordiBlanch2016-200x300.jpg\" width=\"200\" height=\"300\" srcset=\"https:\/\/www.comunicatur.info\/wp-content\/uploads\/2015\/12\/JordiBlanch2016-200x300.jpg 200w, https:\/\/www.comunicatur.info\/wp-content\/uploads\/2015\/12\/JordiBlanch2016.jpg 241w\" sizes=\"(max-width: 200px) 100vw, 200px\" \/><\/a>Blanch, nacido en Barcelona hace 52 a\u00f1os, es diplomado en Ciencias Empresariales por la Universitat de Barcelona. Con una dilatada trayectoria vinculada al sector tur\u00edstico, ha compaginado su tarea profesional y ejecutiva con la docente. Experto en la promoci\u00f3n y el marketing tur\u00edstico ha sido responsable en diferentes instituciones, la \u00faltima como director del Patronato de Turismo Ara Lleida.<\/p>\n<p>Como nuevo director institucional, Jordi Blanch asume el reto de abrir una etapa de expansi\u00f3n de Comunicatur al resto de Espa\u00f1a as\u00ed como incorporar nuevas alianzas y nuevos proyectos comunicativos innovadores de calidad. Blanch ha declarado que \u201ces un honor y un reto incorporarme a un proyecto como Comunicatur, referente ya de la informaci\u00f3n tur\u00edstica, al cual quiero aportar mi experiencia en el sector para acercarlo m\u00e1s al <i>target<\/i> empresarial en el cual es l\u00edder en el territorio catal\u00e1n\u201d.<\/p>\n","protected":false},"excerpt":{"rendered":"<p>Comunicatur.info ha nombrado a Jordi Blanch director Institucional en sustituci\u00f3n de Enric Domingo qui\u00e9n durante los \u00faltimos a\u00f1os ha consolidado el portal como referente de la informaci\u00f3n sectorial tur\u00edstica para los profesionales en Catalu\u00f1a. El relevo se har\u00e1 efectivo el pr\u00f3ximo 1 de enero, coincidiendo con una nueva etapa de expansi\u00f3n del medio. Blanch, nacido &hellip;<\/p>\n","protected":false},"author":1,"featured_media":0,"comment_status":"closed","ping_status":"open","sticky":false,"template":"","format":"standard","meta":[],"categories":[61],"tags":[],"_links":{"self":[{"href":"https:\/\/www.comunicatur.info\/es\/wp-json\/wp\/v2\/posts\/7949"}],"collection":[{"href":"https:\/\/www.comunicatur.info\/es\/wp-json\/wp\/v2\/posts"}],"about":[{"href":"https:\/\/www.comunicatur.info\/es\/wp-json\/wp\/v2\/types\/post"}],"author":[{"embeddable":true,"href":"https:\/\/www.comunicatur.info\/es\/wp-json\/wp\/v2\/users\/1"}],"replies":[{"embeddable":true,"href":"https:\/\/www.comunicatur.info\/es\/wp-json\/wp\/v2\/comments?post=7949"}],"version-history":[{"count":2,"href":"https:\/\/www.comunicatur.info\/es\/wp-json\/wp\/v2\/posts\/7949\/revisions"}],"predecessor-version":[{"id":7951,"href":"https:\/\/www.comunicatur.info\/es\/wp-json\/wp\/v2\/posts\/7949\/revisions\/7951"}],"wp:attachment":[{"href":"https:\/\/www.comunicatur.info\/es\/wp-json\/wp\/v2\/media?parent=7949"}],"wp:term":[{"taxonomy":"category","embeddable":true,"href":"https:\/\/www.comunicatur.info\/es\/wp-json\/wp\/v2\/categories?post=7949"},{"taxonomy":"post_tag","embeddable":true,"href":"https:\/\/www.comunicatur.info\/es\/wp-json\/wp\/v2\/tags?post=7949"}],"curies":[{"name":"wp","href":"https:\/\/api.w.org\/{rel}","templated":true}]}}