{"id":7937,"date":"2015-12-15T00:00:42","date_gmt":"2015-12-14T23:00:42","guid":{"rendered":"https:\/\/comunicatur.info\/?p=7937"},"modified":"2015-12-15T09:54:39","modified_gmt":"2015-12-15T08:54:39","slug":"la-economia-colaborativa-impide-la-creacion-de-puestos-de-trabajo","status":"publish","type":"post","link":"https:\/\/www.comunicatur.info\/es\/la-economia-colaborativa-impide-la-creacion-de-puestos-de-trabajo\/","title":{"rendered":"La econom\u00eda colaborativa impide la creaci\u00f3n de puestos de trabajo"},"content":{"rendered":"<p>La actividad tur\u00edstica crece pero no genera puestos de trabajo ni hace incrementar los sueldos en turismo. La respuesta a este desequilibrio la podr\u00edan tener \u201cen parte\u201d las f\u00f3rmulas denominadas de econom\u00eda colaborativa, al fomentar actividad sumergida sin altas a la Seguridad Social ni contratos laborales.<\/p>\n<p><!--more-->El consejero de Empresa y Empleo de la Generalitat de Catalu\u00f1a, Felip Puig, ha respondido a la pregunta, \u00bfpor qu\u00e9 en un a\u00f1o de r\u00e9cord tur\u00edstico no se traduce en creaci\u00f3n de empleo? Existe \u00bbm\u00e1s actividad tur\u00edstica pero no en una econom\u00eda regulada\u201d. En referencia a plataformas que incentivan la actividad entre particulares, Puig ha sido claro diciendo que este modelo no aporta \u201ccontrataci\u00f3n laboral ni tampoco altas a la Seguridad Social\u00bb.<\/p>\n<p>Una advertencia que el sector del alojamiento hace tiempo que denuncia y que ahora la administraci\u00f3n corrobora. La econom\u00eda sumergida genera competencia desleal y tiene un impacto directo sobre las actividades reguladas y que pagan n\u00f3minas e impuestos de forma legal. Las ocupaciones de los establecimientos reglados han subido pero menos que el n\u00famero de visitantes que llegan a Catalu\u00f1a y Espa\u00f1a. Una parte de este turismo se aloja en apartamentos tur\u00edsticos particulares que no suman al mercado laboral ni a la econom\u00eda productiva del pa\u00eds.<\/p>\n<p>En este sentido el sector de la hosteler\u00eda ha reducido la ocupaci\u00f3n en un 2,7% en el \u00faltimo a\u00f1o. Joan Molas, reelegido presidente de la CEHAT (Confederaci\u00f3n Espa\u00f1ola de Hoteles y Alojamientos Tur\u00edsticos) ha recordado en su discurso de aceptaci\u00f3n del cargo que uno de los retos prioritarios del sector es la regulaci\u00f3n de la vivienda privada destinada a alojamiento tur\u00edstico.<\/p>\n<p>Para calibrar el peso de las empresas que se mueven en el negocio de \u201cla econom\u00eda colaborativa\u201d valen los ejemplos de Uber o Airbnb, valoradas en m\u00e1s de 57.000 millones de euros y 25.000 millones de euros respectivamente. Si Uber cotizara en la bolsa espa\u00f1ola ser\u00eda la tercera empresa del Ibex 35 y alg\u00fan medio de comunicaci\u00f3n se ha afanado a recordar que su valor es superior al de empresas como Telef\u00f3nica o General Motors.<\/p>\n<p>El consejero Puig, en paralelo a su cr\u00edtica a la econom\u00eda colaborativa ha pedido a las empresas con beneficios e incrementos de productividad que tambi\u00e9n apliquen incrementos salariales a sus empleados.<\/p>\n","protected":false},"excerpt":{"rendered":"<p>La actividad tur\u00edstica crece pero no genera puestos de trabajo ni hace incrementar los sueldos en turismo. La respuesta a este desequilibrio la podr\u00edan tener \u201cen parte\u201d las f\u00f3rmulas denominadas de econom\u00eda colaborativa, al fomentar actividad sumergida sin altas a la Seguridad Social ni contratos laborales. El consejero de Empresa y Empleo de la Generalitat &hellip;<\/p>\n","protected":false},"author":1,"featured_media":0,"comment_status":"closed","ping_status":"open","sticky":false,"template":"","format":"standard","meta":[],"categories":[61],"tags":[],"_links":{"self":[{"href":"https:\/\/www.comunicatur.info\/es\/wp-json\/wp\/v2\/posts\/7937"}],"collection":[{"href":"https:\/\/www.comunicatur.info\/es\/wp-json\/wp\/v2\/posts"}],"about":[{"href":"https:\/\/www.comunicatur.info\/es\/wp-json\/wp\/v2\/types\/post"}],"author":[{"embeddable":true,"href":"https:\/\/www.comunicatur.info\/es\/wp-json\/wp\/v2\/users\/1"}],"replies":[{"embeddable":true,"href":"https:\/\/www.comunicatur.info\/es\/wp-json\/wp\/v2\/comments?post=7937"}],"version-history":[{"count":2,"href":"https:\/\/www.comunicatur.info\/es\/wp-json\/wp\/v2\/posts\/7937\/revisions"}],"predecessor-version":[{"id":7939,"href":"https:\/\/www.comunicatur.info\/es\/wp-json\/wp\/v2\/posts\/7937\/revisions\/7939"}],"wp:attachment":[{"href":"https:\/\/www.comunicatur.info\/es\/wp-json\/wp\/v2\/media?parent=7937"}],"wp:term":[{"taxonomy":"category","embeddable":true,"href":"https:\/\/www.comunicatur.info\/es\/wp-json\/wp\/v2\/categories?post=7937"},{"taxonomy":"post_tag","embeddable":true,"href":"https:\/\/www.comunicatur.info\/es\/wp-json\/wp\/v2\/tags?post=7937"}],"curies":[{"name":"wp","href":"https:\/\/api.w.org\/{rel}","templated":true}]}}