{"id":7927,"date":"2015-12-11T00:00:02","date_gmt":"2015-12-10T23:00:02","guid":{"rendered":"https:\/\/comunicatur.info\/?p=7927"},"modified":"2015-12-13T23:10:42","modified_gmt":"2015-12-13T22:10:42","slug":"easyjet-movera-31-millones-de-pasajeros-en-el-prat","status":"publish","type":"post","link":"https:\/\/www.comunicatur.info\/es\/easyjet-movera-31-millones-de-pasajeros-en-el-prat\/","title":{"rendered":"EasyJet mover\u00e1 3,1 millones de pasajeros en el Prat"},"content":{"rendered":"<p>La aerol\u00ednea EasyJet ha anunciado que abrir\u00e1 una base al aeropuerto de Barcelona que supondr\u00e1 aumentar un 12% los pasajeros el pr\u00f3ximo a\u00f1o. Ahora hace tres a\u00f1os cerr\u00f3 su base en Barajas y la decisi\u00f3n de la low cost supone el traslado de la base operativa de Madrid a Barcelona.<\/p>\n<p><!--more-->La direcci\u00f3n de la compa\u00f1\u00eda en Espa\u00f1a asegura que en 2016 gestionar\u00e1 3,1 millones de pasajeros en el Prat y que se convertir\u00e1 en el principal factor de crecimiento de la aerol\u00ednea. La apertura de la base comportar\u00e1 la puesta en marcha de nuevas rutas con N\u00e1poles y Burdeos y el incremento de frecuencias de algunas ya existentes (Ginebra y Basilea). La compa\u00f1\u00eda hace 19 a\u00f1os que ya opera desde el Prat.<\/p>\n<p>En el conjunto de Espa\u00f1a EasyJet dice que crecer\u00e1 un 4% y llegar\u00e1 a los 13,5 de millones de pasajeros. Abrir\u00e1 hasta 14 conexiones nuevas. A nivel empresarial, la compa\u00f1\u00eda ha tenido que adquirir tres aeronaves y ha contratado una docena de nuevos pilotos. EasyJet se encuentra entre la cuarta y quinta posici\u00f3n de compa\u00f1\u00edas a\u00e9reas de Espa\u00f1a con una cuota de mercado del 8%.<\/p>\n","protected":false},"excerpt":{"rendered":"<p>La aerol\u00ednea EasyJet ha anunciado que abrir\u00e1 una base al aeropuerto de Barcelona que supondr\u00e1 aumentar un 12% los pasajeros el pr\u00f3ximo a\u00f1o. Ahora hace tres a\u00f1os cerr\u00f3 su base en Barajas y la decisi\u00f3n de la low cost supone el traslado de la base operativa de Madrid a Barcelona. La direcci\u00f3n de la compa\u00f1\u00eda &hellip;<\/p>\n","protected":false},"author":1,"featured_media":0,"comment_status":"closed","ping_status":"open","sticky":false,"template":"","format":"standard","meta":[],"categories":[65],"tags":[],"_links":{"self":[{"href":"https:\/\/www.comunicatur.info\/es\/wp-json\/wp\/v2\/posts\/7927"}],"collection":[{"href":"https:\/\/www.comunicatur.info\/es\/wp-json\/wp\/v2\/posts"}],"about":[{"href":"https:\/\/www.comunicatur.info\/es\/wp-json\/wp\/v2\/types\/post"}],"author":[{"embeddable":true,"href":"https:\/\/www.comunicatur.info\/es\/wp-json\/wp\/v2\/users\/1"}],"replies":[{"embeddable":true,"href":"https:\/\/www.comunicatur.info\/es\/wp-json\/wp\/v2\/comments?post=7927"}],"version-history":[{"count":1,"href":"https:\/\/www.comunicatur.info\/es\/wp-json\/wp\/v2\/posts\/7927\/revisions"}],"predecessor-version":[{"id":7928,"href":"https:\/\/www.comunicatur.info\/es\/wp-json\/wp\/v2\/posts\/7927\/revisions\/7928"}],"wp:attachment":[{"href":"https:\/\/www.comunicatur.info\/es\/wp-json\/wp\/v2\/media?parent=7927"}],"wp:term":[{"taxonomy":"category","embeddable":true,"href":"https:\/\/www.comunicatur.info\/es\/wp-json\/wp\/v2\/categories?post=7927"},{"taxonomy":"post_tag","embeddable":true,"href":"https:\/\/www.comunicatur.info\/es\/wp-json\/wp\/v2\/tags?post=7927"}],"curies":[{"name":"wp","href":"https:\/\/api.w.org\/{rel}","templated":true}]}}