{"id":7888,"date":"2015-11-30T00:00:27","date_gmt":"2015-11-29T23:00:27","guid":{"rendered":"https:\/\/comunicatur.info\/?p=7888"},"modified":"2015-12-01T16:00:09","modified_gmt":"2015-12-01T15:00:09","slug":"el-sector-de-la-nieve-catalan-quiere-recuperar-la-cifra-magica-de-2-millones-de-esquiadores","status":"publish","type":"post","link":"https:\/\/www.comunicatur.info\/es\/el-sector-de-la-nieve-catalan-quiere-recuperar-la-cifra-magica-de-2-millones-de-esquiadores\/","title":{"rendered":"El sector de la nieve catal\u00e1n quiere recuperar la cifra m\u00e1gica de 2 millones de esquiadores"},"content":{"rendered":"<p>Las estaciones de esqu\u00ed catalanas inician la temporada de nieve con buenas perspectivas. Esperan aumentar un 7% la afluencia de esquiadores. Las estaciones han invertido 13 millones de euros en esta campa\u00f1a 2015\/2016 y ya abren sus instalaciones gracias a las primeras nevadas.<\/p>\n<p><!--more-->El presidente de la Asociaci\u00f3n Catalana de Estaciones de Esqu\u00ed y Actividades de Monta\u00f1a, Xavier Nolla, ha manifestado en el inicio de la temporada poder superar la cifra de 2 millones de esquiadores: \u201cDesde el 2011 no se llega a los 2 millones a ver si lo conseguimos\u201d.<\/p>\n<p>El sector de la nieve es uno de los principales motores econ\u00f3micos de las comarcas pirenaicas. Nolla recuerda el papel inductor sobre la econom\u00eda local asegurando que \u201cpor cada euro que se paga por un forfet se generan 6 euros para otras actividades y llega a los 12 euros en el conjunto de la econom\u00eda\u201d.<\/p>\n<p>Las inversiones de las estaciones para este a\u00f1o se han concretado en 5,5 millones en mejora de pistas, accesos y m\u00e1quinas, 4,5 millones en producci\u00f3n de nieve y 3 millones en remontes. A partir del 2011, con la crisis econ\u00f3mica, las inversiones cayeron a cantidades pr\u00e1cticamente insignificantes. Los 13 millones suponen una cierta recuperaci\u00f3n pero quedan lejos de los 21 millones de media que ven\u00edan invirtiendo en los ejercicios comprendidos entre el 2005 y 2010.<\/p>\n<p>El presidente de las estaciones de esqu\u00ed catalanas ha criticado el calendario laboral y escolar del pa\u00eds. Lo considera uno de los primeros problemas para el sector dado que no existe un periodo de fiesta como en otros pa\u00edses europeos.<\/p>\n<p>Para animar a los esquiadores de Catalu\u00f1a, del resto de Espa\u00f1a y el sur de Francia, la Agencia Catalana de Turismo activa durante los meses de diciembre a febrero una campa\u00f1a publicitaria de 800.000 euros. Los deportistas Xavi Hern\u00e1ndez y Gemma Mengual ser\u00e1n los protagonistas de los anuncios.<\/p>\n","protected":false},"excerpt":{"rendered":"<p>Las estaciones de esqu\u00ed catalanas inician la temporada de nieve con buenas perspectivas. Esperan aumentar un 7% la afluencia de esquiadores. Las estaciones han invertido 13 millones de euros en esta campa\u00f1a 2015\/2016 y ya abren sus instalaciones gracias a las primeras nevadas. El presidente de la Asociaci\u00f3n Catalana de Estaciones de Esqu\u00ed y Actividades &hellip;<\/p>\n","protected":false},"author":1,"featured_media":0,"comment_status":"closed","ping_status":"open","sticky":false,"template":"","format":"standard","meta":[],"categories":[62,61],"tags":[],"_links":{"self":[{"href":"https:\/\/www.comunicatur.info\/es\/wp-json\/wp\/v2\/posts\/7888"}],"collection":[{"href":"https:\/\/www.comunicatur.info\/es\/wp-json\/wp\/v2\/posts"}],"about":[{"href":"https:\/\/www.comunicatur.info\/es\/wp-json\/wp\/v2\/types\/post"}],"author":[{"embeddable":true,"href":"https:\/\/www.comunicatur.info\/es\/wp-json\/wp\/v2\/users\/1"}],"replies":[{"embeddable":true,"href":"https:\/\/www.comunicatur.info\/es\/wp-json\/wp\/v2\/comments?post=7888"}],"version-history":[{"count":1,"href":"https:\/\/www.comunicatur.info\/es\/wp-json\/wp\/v2\/posts\/7888\/revisions"}],"predecessor-version":[{"id":7889,"href":"https:\/\/www.comunicatur.info\/es\/wp-json\/wp\/v2\/posts\/7888\/revisions\/7889"}],"wp:attachment":[{"href":"https:\/\/www.comunicatur.info\/es\/wp-json\/wp\/v2\/media?parent=7888"}],"wp:term":[{"taxonomy":"category","embeddable":true,"href":"https:\/\/www.comunicatur.info\/es\/wp-json\/wp\/v2\/categories?post=7888"},{"taxonomy":"post_tag","embeddable":true,"href":"https:\/\/www.comunicatur.info\/es\/wp-json\/wp\/v2\/tags?post=7888"}],"curies":[{"name":"wp","href":"https:\/\/api.w.org\/{rel}","templated":true}]}}