{"id":7863,"date":"2015-11-25T00:00:38","date_gmt":"2015-11-24T23:00:38","guid":{"rendered":"https:\/\/comunicatur.info\/?p=7863"},"modified":"2015-11-28T11:16:27","modified_gmt":"2015-11-28T10:16:27","slug":"el-hotel-invisible-una-iniciativa-solidaria-del-sector","status":"publish","type":"post","link":"https:\/\/www.comunicatur.info\/es\/el-hotel-invisible-una-iniciativa-solidaria-del-sector\/","title":{"rendered":"El Hotel Invisible, una iniciativa solidaria del sector"},"content":{"rendered":"<p>El Gremio de Hoteles de Barcelona y la Fundaci\u00f3n IRAS, dedicada a la inclusi\u00f3n de personas en situaci\u00f3n de riesgo, han creado una campa\u00f1a para recaudar fondos mediante la reserva simb\u00f3lica\u00a0 de una habitaci\u00f3n que no se destinar\u00e1 para dormir. Esta iniciativa solidaria pretende implicar al sector tur\u00edstico de la ciudad con las problem\u00e1ticas sociales.<\/p>\n<p><!--more-->No se trata de habitaciones con vistas, suites de lujo, ni nada que se asemeje. Se trata de reservar una noche en un hotel donde nadie querr\u00eda dormir (la habitaci\u00f3n de la pobreza, la habitaci\u00f3n de los golpes, la habitaci\u00f3n sin futuro&#8230;) El dinero recaudado en <a href=\"www.hotelinvisible.org\" target=\"_blank\"> www.hotelinvisible.org<\/a> se destina a personas en situaci\u00f3n de exclusi\u00f3n afectados por la pobreza o la violencia. Los donativos se realizan mediante una reserva ficticia de habitaci\u00f3n por importes de 3\u20ac, 5\u20ac, 10\u20ac o una cantidad superior a determinar por la persona solidaria. Adem\u00e1s, por su parte, aquellos hoteles que se han adherido dan un euro a la campa\u00f1a por cada habitaci\u00f3n que tienen y ya van m\u00e1s de 12.000 euros.<\/p>\n<p>Propuestas como estas quieren mostrar la implicaci\u00f3n de los hoteleros barceloneses con la realidad de la ciudad. A menudo criticados para beneficiarse del \u00e9xito tur\u00edstico de Barcelona sin tener en cuenta las desigualdades y problem\u00e1ticas que\u00a0 conviven en esta misma ciudad. Una cara solidaria que el sector tur\u00edstico muestra de forma coordinada m\u00e1s all\u00e1 de las implicaciones que a t\u00edtulo particular hacen algunos empresarios.<\/p>\n","protected":false},"excerpt":{"rendered":"<p>El Gremio de Hoteles de Barcelona y la Fundaci\u00f3n IRAS, dedicada a la inclusi\u00f3n de personas en situaci\u00f3n de riesgo, han creado una campa\u00f1a para recaudar fondos mediante la reserva simb\u00f3lica\u00a0 de una habitaci\u00f3n que no se destinar\u00e1 para dormir. Esta iniciativa solidaria pretende implicar al sector tur\u00edstico de la ciudad con las problem\u00e1ticas sociales. &hellip;<\/p>\n","protected":false},"author":1,"featured_media":0,"comment_status":"closed","ping_status":"open","sticky":false,"template":"","format":"standard","meta":[],"categories":[],"tags":[],"_links":{"self":[{"href":"https:\/\/www.comunicatur.info\/es\/wp-json\/wp\/v2\/posts\/7863"}],"collection":[{"href":"https:\/\/www.comunicatur.info\/es\/wp-json\/wp\/v2\/posts"}],"about":[{"href":"https:\/\/www.comunicatur.info\/es\/wp-json\/wp\/v2\/types\/post"}],"author":[{"embeddable":true,"href":"https:\/\/www.comunicatur.info\/es\/wp-json\/wp\/v2\/users\/1"}],"replies":[{"embeddable":true,"href":"https:\/\/www.comunicatur.info\/es\/wp-json\/wp\/v2\/comments?post=7863"}],"version-history":[{"count":1,"href":"https:\/\/www.comunicatur.info\/es\/wp-json\/wp\/v2\/posts\/7863\/revisions"}],"predecessor-version":[{"id":7864,"href":"https:\/\/www.comunicatur.info\/es\/wp-json\/wp\/v2\/posts\/7863\/revisions\/7864"}],"wp:attachment":[{"href":"https:\/\/www.comunicatur.info\/es\/wp-json\/wp\/v2\/media?parent=7863"}],"wp:term":[{"taxonomy":"category","embeddable":true,"href":"https:\/\/www.comunicatur.info\/es\/wp-json\/wp\/v2\/categories?post=7863"},{"taxonomy":"post_tag","embeddable":true,"href":"https:\/\/www.comunicatur.info\/es\/wp-json\/wp\/v2\/tags?post=7863"}],"curies":[{"name":"wp","href":"https:\/\/api.w.org\/{rel}","templated":true}]}}