{"id":7855,"date":"2015-11-23T00:00:32","date_gmt":"2015-11-22T23:00:32","guid":{"rendered":"https:\/\/comunicatur.info\/?p=7855"},"modified":"2015-11-20T18:44:20","modified_gmt":"2015-11-20T17:44:20","slug":"la-principal-feria-del-turismo-de-negocios-se-queda-en-barcelona-hasta-el-2019","status":"publish","type":"post","link":"https:\/\/www.comunicatur.info\/es\/la-principal-feria-del-turismo-de-negocios-se-queda-en-barcelona-hasta-el-2019\/","title":{"rendered":"La principal feria del turismo de negocios se queda en Barcelona hasta el 2019"},"content":{"rendered":"<p>El organizador del IBTM World (antes EIBTM), la feria de los viajes de negocios, congresos e incentivos m\u00e1s importante a nivel internacional, ha anunciado la renovaci\u00f3n por tres a\u00f1os m\u00e1s el contrato con Feria de Barcelona.<\/p>\n<p><!--more-->El evento re\u00fane a 3.000 expositores de 150 pa\u00edses en cada edici\u00f3n. El n\u00famero de profesionales que pasan por IBTM superan los 15.000. Retener este certamen apoya al posicionamiento de Barcelona c\u00f3mo una de las ciudades europeas m\u00e1s importantes en la acogida de congresos y convenciones. Desde hace 12 a\u00f1os la capital catalana es la sede de esta feria. Anteriormente se hab\u00eda celebrado en Ginebra. Como sede de la IBTM la ciudad se beneficia de un impacto econ\u00f3mico de unos 60 millones de euros.<\/p>\n<p>Graeme Barnett, director de la feria, ha destacado como la ciudad ha evolucionado en los \u00faltimos a\u00f1os en sus infraestructuras, desde las de Feria de Barcelona a la expansi\u00f3n del Aeropuerto con la nueva Terminal 1. Tambi\u00e9n ha comentado el aumento significativo en la capacidad y la calidad de los hoteles. Por todo esto, Barnett considera que \u201cBarcelona es uno de los grandes lugares de Europa para conferencias, congresos y exposiciones, y es por eso que nos quedamos\u00bb, ha concluido.<\/p>\n","protected":false},"excerpt":{"rendered":"<p>El organizador del IBTM World (antes EIBTM), la feria de los viajes de negocios, congresos e incentivos m\u00e1s importante a nivel internacional, ha anunciado la renovaci\u00f3n por tres a\u00f1os m\u00e1s el contrato con Feria de Barcelona. El evento re\u00fane a 3.000 expositores de 150 pa\u00edses en cada edici\u00f3n. El n\u00famero de profesionales que pasan por &hellip;<\/p>\n","protected":false},"author":1,"featured_media":0,"comment_status":"closed","ping_status":"open","sticky":false,"template":"","format":"standard","meta":[],"categories":[63],"tags":[],"_links":{"self":[{"href":"https:\/\/www.comunicatur.info\/es\/wp-json\/wp\/v2\/posts\/7855"}],"collection":[{"href":"https:\/\/www.comunicatur.info\/es\/wp-json\/wp\/v2\/posts"}],"about":[{"href":"https:\/\/www.comunicatur.info\/es\/wp-json\/wp\/v2\/types\/post"}],"author":[{"embeddable":true,"href":"https:\/\/www.comunicatur.info\/es\/wp-json\/wp\/v2\/users\/1"}],"replies":[{"embeddable":true,"href":"https:\/\/www.comunicatur.info\/es\/wp-json\/wp\/v2\/comments?post=7855"}],"version-history":[{"count":1,"href":"https:\/\/www.comunicatur.info\/es\/wp-json\/wp\/v2\/posts\/7855\/revisions"}],"predecessor-version":[{"id":7856,"href":"https:\/\/www.comunicatur.info\/es\/wp-json\/wp\/v2\/posts\/7855\/revisions\/7856"}],"wp:attachment":[{"href":"https:\/\/www.comunicatur.info\/es\/wp-json\/wp\/v2\/media?parent=7855"}],"wp:term":[{"taxonomy":"category","embeddable":true,"href":"https:\/\/www.comunicatur.info\/es\/wp-json\/wp\/v2\/categories?post=7855"},{"taxonomy":"post_tag","embeddable":true,"href":"https:\/\/www.comunicatur.info\/es\/wp-json\/wp\/v2\/tags?post=7855"}],"curies":[{"name":"wp","href":"https:\/\/api.w.org\/{rel}","templated":true}]}}